{"id":108928,"date":"2025-06-03T19:08:11","date_gmt":"2025-06-03T22:08:11","guid":{"rendered":"https:\/\/portalmovil.com.ar\/?p=108928"},"modified":"2025-06-03T19:08:15","modified_gmt":"2025-06-03T22:08:15","slug":"senadores-se-aseguran-otro-millonario-aumento-mas-de-95-millones-de-sueldo","status":"publish","type":"post","link":"https:\/\/portalmovil.com.ar\/index.php\/2025\/06\/03\/senadores-se-aseguran-otro-millonario-aumento-mas-de-95-millones-de-sueldo\/","title":{"rendered":"Senadores se aseguran otro millonario aumento: m\u00e1s de $9,5 millones de sueldo"},"content":{"rendered":"\n<p><strong>Senadores tendr\u00e1n otro aumento&nbsp;<\/strong>tras el descongelamiento de las dietas del 31 de marzo pasado a ra\u00edz de la paritaria que cerraron hoy los trabajadores del Congreso y percibir\u00e1n como dietas m\u00e1s de&nbsp;<strong>9,5 millones de pesos<\/strong>.<\/p>\n\n\n\n<p>La raz\u00f3n del impacto en los recibos de los representantes provinciales ser\u00e1 porque en abril del 2024 votaron un aumento, a mano alzada y sin debate, que incluy\u00f3 una cl\u00e1usula que dej\u00f3 atada la actualizaci\u00f3n salarial del cuerpo a los acuerdos que cerraran los empleados del Poder Legislativo.&nbsp;<\/p>\n\n\n\n<p>Esto fue avalado por los presidentes de ambas C\u00e1maras, Mart\u00edn Menem y Victoria Villarruel, quienes rubricaron este martes con gremios la actualizaci\u00f3n salarial para los empleados legislativos del 1,3 por ciento para marzo, abril y mayo.<\/p>\n\n\n\n<p>La titular de la C\u00e1mara alta intent\u00f3 colar el tema en la sesi\u00f3n del pasado 12 de diciembre, cuando expulsaron a Edgardo Kueider, pero no logr\u00f3 consenso con los jefes de bloque ya que el recinto se abr\u00eda, nada m\u00e1s y nada menos, para eyectar a un integrante.<\/p>\n\n\n\n<p>Finalmente, Villarruel le puso el gancho a un decreto y prorrog\u00f3 el 27\/24, por el cual en agosto pasado los representantes provinciales congelaron su dieta hasta el 31 de diciembre de 2024, tras engancharse a la paritaria de los trabajadores del Congreso en abril del 2024.<\/p>\n\n\n\n<p>Esa acci\u00f3n fue motorizada despu\u00e9s de recibir el visto bueno del bloque de La Libertad Avanza (LLA) y el resto de los dialoguistas como el Frente Renovador de la Concordia, PRO, UCR y Las Provincias Unidas.<\/p>\n\n\n\n<p>Villarruel, y con el visto de un pu\u00f1ado senadores, aspiraba a que la dieta quede congelada para todo el 2025 y que se concrete el desenganche paritario.&nbsp;<\/p>\n\n\n\n<p>Los senadores tuvieron tiempo hasta la tercera semana de abril para expedirse, momento en el cual empieza la liquidaci\u00f3n de sueldos a percibir en mayo. Sin embargo, no lo hicieron y se activ\u00f3 el descongelamiento.&nbsp;<\/p>\n","protected":false},"excerpt":{"rendered":"<p>Senadores tendr\u00e1n otro aumento&nbsp;tras el descongelamiento de las dietas del 31 de marzo pasado a ra\u00edz de la paritaria que cerraron hoy los trabajadores del Congreso y percibir\u00e1n como dietas m\u00e1s de&nbsp;9,5 millones de pesos. La raz\u00f3n del impacto en los recibos de los representantes provinciales ser\u00e1 porque en abril del 2024 votaron un aumento, &hellip;<\/p>\n","protected":false},"author":2,"featured_media":108929,"comment_status":"open","ping_status":"open","sticky":false,"template":"","format":"standard","meta":{"_jetpack_memberships_contains_paid_content":false,"footnotes":"","jetpack_publicize_message":"","jetpack_publicize_feature_enabled":true,"jetpack_social_post_already_shared":true,"jetpack_social_options":{"image_generator_settings":{"template":"highway","default_image_id":0,"font":"","enabled":false},"version":2}},"categories":[14],"tags":[],"class_list":["post-108928","post","type-post","status-publish","format-standard","has-post-thumbnail","hentry","category-politica"],"jetpack_publicize_connections":[],"jetpack_featured_media_url":"https:\/\/portalmovil.com.ar\/wp-content\/uploads\/2025\/06\/600837w480h293c.jpg.webp","jetpack_sharing_enabled":true,"amp_enabled":true,"_links":{"self":[{"href":"https:\/\/portalmovil.com.ar\/index.php\/wp-json\/wp\/v2\/posts\/108928","targetHints":{"allow":["GET"]}}],"collection":[{"href":"https:\/\/portalmovil.com.ar\/index.php\/wp-json\/wp\/v2\/posts"}],"about":[{"href":"https:\/\/portalmovil.com.ar\/index.php\/wp-json\/wp\/v2\/types\/post"}],"author":[{"embeddable":true,"href":"https:\/\/portalmovil.com.ar\/index.php\/wp-json\/wp\/v2\/users\/2"}],"replies":[{"embeddable":true,"href":"https:\/\/portalmovil.com.ar\/index.php\/wp-json\/wp\/v2\/comments?post=108928"}],"version-history":[{"count":1,"href":"https:\/\/portalmovil.com.ar\/index.php\/wp-json\/wp\/v2\/posts\/108928\/revisions"}],"predecessor-version":[{"id":108930,"href":"https:\/\/portalmovil.com.ar\/index.php\/wp-json\/wp\/v2\/posts\/108928\/revisions\/108930"}],"wp:featuredmedia":[{"embeddable":true,"href":"https:\/\/portalmovil.com.ar\/index.php\/wp-json\/wp\/v2\/media\/108929"}],"wp:attachment":[{"href":"https:\/\/portalmovil.com.ar\/index.php\/wp-json\/wp\/v2\/media?parent=108928"}],"wp:term":[{"taxonomy":"category","embeddable":true,"href":"https:\/\/portalmovil.com.ar\/index.php\/wp-json\/wp\/v2\/categories?post=108928"},{"taxonomy":"post_tag","embeddable":true,"href":"https:\/\/portalmovil.com.ar\/index.php\/wp-json\/wp\/v2\/tags?post=108928"}],"curies":[{"name":"wp","href":"https:\/\/api.w.org\/{rel}","templated":true}]}}