{"id":108571,"date":"2025-05-21T20:20:28","date_gmt":"2025-05-21T23:20:28","guid":{"rendered":"https:\/\/portalmovil.com.ar\/?p=108571"},"modified":"2025-05-21T20:21:21","modified_gmt":"2025-05-21T23:21:21","slug":"entregaron-viviendas-a-familias-de-fontana","status":"publish","type":"post","link":"https:\/\/portalmovil.com.ar\/index.php\/2025\/05\/21\/entregaron-viviendas-a-familias-de-fontana\/","title":{"rendered":"Entregaron viviendas a familias de Fontana"},"content":{"rendered":"\n<p>En el marco de un trabajo articulado entre el Instituto de Vivienda, IPRODICH y el municipio local, las unidades habitacionales fueron otorgadas a familias que tienen a alg\u00fan integrante con discapacidad. Acompa\u00f1ado por el intendente, y la vicepresidente del IPRODICH, M\u00f3nica Morales, el Gobernador Leandro Zdero se mostr\u00f3 muy emocionado por estar cumpliendo el sue\u00f1o de la casa propia \u201cpara muchas familias que lo estaban esperando hace mucho tiempo\u201d., remarcando que se trata del cumplimiento del compromiso con \u201ccasos especiales\u201d y destacando el trabajo articulado entre distintas \u00e1reas de Gobierno como Desarrollo Humano, IPRODICH, IPDUV y los municipios, entre otros.<\/p>\n\n\n\n<p><br>En esa l\u00ednea, el primer mandatario provincial destac\u00f3 los diferentes planes de acci\u00f3n en materia de vivienda, tanto de casa propia como las viviendas sociales, en el marco del Programa Social Articulado Provincial (\u00d1achec), comprometiendo el esfuerzo provincial para \u201cconstruir un plan de inversi\u00f3n importante en todo el territorio provincial\u201d, repasando, a su vez, todas las etapas y dimensiones como cr\u00e9ditos para ampliar, refaccionar o terminar, as\u00ed como los fideicomisos con diferentes organizaciones, la entrega de loteos con la infraestructura y los servicios necesarios.<\/p>\n","protected":false},"excerpt":{"rendered":"<p>En el marco de un trabajo articulado entre el Instituto de Vivienda, IPRODICH y el municipio local, las unidades habitacionales fueron otorgadas a familias que tienen a alg\u00fan integrante con discapacidad. Acompa\u00f1ado por el intendente, y la vicepresidente del IPRODICH, M\u00f3nica Morales, el Gobernador Leandro Zdero se mostr\u00f3 muy emocionado por estar cumpliendo el sue\u00f1o &hellip;<\/p>\n","protected":false},"author":2,"featured_media":108572,"comment_status":"open","ping_status":"open","sticky":false,"template":"","format":"standard","meta":{"_jetpack_memberships_contains_paid_content":false,"footnotes":"","jetpack_publicize_message":"","jetpack_publicize_feature_enabled":true,"jetpack_social_post_already_shared":true,"jetpack_social_options":{"image_generator_settings":{"template":"highway","default_image_id":0,"font":"","enabled":false},"version":2}},"categories":[5,14],"tags":[],"class_list":["post-108571","post","type-post","status-publish","format-standard","has-post-thumbnail","hentry","category-chaco","category-politica"],"jetpack_publicize_connections":[],"jetpack_featured_media_url":"https:\/\/portalmovil.com.ar\/wp-content\/uploads\/2025\/05\/ac23e0a3-d85d-4111-b8a4-4c117cceda43-scaled.jpg","jetpack_sharing_enabled":true,"amp_enabled":true,"_links":{"self":[{"href":"https:\/\/portalmovil.com.ar\/index.php\/wp-json\/wp\/v2\/posts\/108571","targetHints":{"allow":["GET"]}}],"collection":[{"href":"https:\/\/portalmovil.com.ar\/index.php\/wp-json\/wp\/v2\/posts"}],"about":[{"href":"https:\/\/portalmovil.com.ar\/index.php\/wp-json\/wp\/v2\/types\/post"}],"author":[{"embeddable":true,"href":"https:\/\/portalmovil.com.ar\/index.php\/wp-json\/wp\/v2\/users\/2"}],"replies":[{"embeddable":true,"href":"https:\/\/portalmovil.com.ar\/index.php\/wp-json\/wp\/v2\/comments?post=108571"}],"version-history":[{"count":2,"href":"https:\/\/portalmovil.com.ar\/index.php\/wp-json\/wp\/v2\/posts\/108571\/revisions"}],"predecessor-version":[{"id":108574,"href":"https:\/\/portalmovil.com.ar\/index.php\/wp-json\/wp\/v2\/posts\/108571\/revisions\/108574"}],"wp:featuredmedia":[{"embeddable":true,"href":"https:\/\/portalmovil.com.ar\/index.php\/wp-json\/wp\/v2\/media\/108572"}],"wp:attachment":[{"href":"https:\/\/portalmovil.com.ar\/index.php\/wp-json\/wp\/v2\/media?parent=108571"}],"wp:term":[{"taxonomy":"category","embeddable":true,"href":"https:\/\/portalmovil.com.ar\/index.php\/wp-json\/wp\/v2\/categories?post=108571"},{"taxonomy":"post_tag","embeddable":true,"href":"https:\/\/portalmovil.com.ar\/index.php\/wp-json\/wp\/v2\/tags?post=108571"}],"curies":[{"name":"wp","href":"https:\/\/api.w.org\/{rel}","templated":true}]}}