{"id":108501,"date":"2025-05-19T20:56:00","date_gmt":"2025-05-19T23:56:00","guid":{"rendered":"https:\/\/portalmovil.com.ar\/?p=108501"},"modified":"2025-05-19T20:56:03","modified_gmt":"2025-05-19T23:56:03","slug":"pablo-grillo-volvio-a-terapia-intensiva-por-una-operacion-en-el-cerebro","status":"publish","type":"post","link":"https:\/\/portalmovil.com.ar\/index.php\/2025\/05\/19\/pablo-grillo-volvio-a-terapia-intensiva-por-una-operacion-en-el-cerebro\/","title":{"rendered":"Pablo Grillo volvi\u00f3 a terapia intensiva por una operaci\u00f3n en el cerebro"},"content":{"rendered":"\n<p>El fot\u00f3grafo Pablo Grillo, que fue herido en la cabeza con un cartucho de gas lacrim\u00f3geno en una de las marchas de los jubilados en el Congreso, volvi\u00f3 a terapia intensiva a deber\u00e1 ser operado en las pr\u00f3ximas horas luego de una complicaci\u00f3n en el cerebro.<\/p>\n\n\n\n<p>Hace una semana Pablo hizo una aparici\u00f3n p\u00fablica luego de estar internado por varias semanas y hab\u00eda demostrado un gran avance.&nbsp;<\/p>\n","protected":false},"excerpt":{"rendered":"<p>El fot\u00f3grafo Pablo Grillo, que fue herido en la cabeza con un cartucho de gas lacrim\u00f3geno en una de las marchas de los jubilados en el Congreso, volvi\u00f3 a terapia intensiva a deber\u00e1 ser operado en las pr\u00f3ximas horas luego de una complicaci\u00f3n en el cerebro. Hace una semana Pablo hizo una aparici\u00f3n p\u00fablica luego &hellip;<\/p>\n","protected":false},"author":2,"featured_media":108502,"comment_status":"open","ping_status":"open","sticky":false,"template":"","format":"standard","meta":{"_jetpack_memberships_contains_paid_content":false,"footnotes":"","jetpack_publicize_message":"","jetpack_publicize_feature_enabled":true,"jetpack_social_post_already_shared":true,"jetpack_social_options":{"image_generator_settings":{"template":"highway","default_image_id":0,"font":"","enabled":false},"version":2}},"categories":[639,50],"tags":[],"class_list":["post-108501","post","type-post","status-publish","format-standard","has-post-thumbnail","hentry","category-argentina","category-judiciales"],"jetpack_publicize_connections":[],"jetpack_featured_media_url":"https:\/\/portalmovil.com.ar\/wp-content\/uploads\/2025\/05\/935330-8b-20na.jpg","jetpack_sharing_enabled":true,"amp_enabled":true,"_links":{"self":[{"href":"https:\/\/portalmovil.com.ar\/index.php\/wp-json\/wp\/v2\/posts\/108501","targetHints":{"allow":["GET"]}}],"collection":[{"href":"https:\/\/portalmovil.com.ar\/index.php\/wp-json\/wp\/v2\/posts"}],"about":[{"href":"https:\/\/portalmovil.com.ar\/index.php\/wp-json\/wp\/v2\/types\/post"}],"author":[{"embeddable":true,"href":"https:\/\/portalmovil.com.ar\/index.php\/wp-json\/wp\/v2\/users\/2"}],"replies":[{"embeddable":true,"href":"https:\/\/portalmovil.com.ar\/index.php\/wp-json\/wp\/v2\/comments?post=108501"}],"version-history":[{"count":1,"href":"https:\/\/portalmovil.com.ar\/index.php\/wp-json\/wp\/v2\/posts\/108501\/revisions"}],"predecessor-version":[{"id":108503,"href":"https:\/\/portalmovil.com.ar\/index.php\/wp-json\/wp\/v2\/posts\/108501\/revisions\/108503"}],"wp:featuredmedia":[{"embeddable":true,"href":"https:\/\/portalmovil.com.ar\/index.php\/wp-json\/wp\/v2\/media\/108502"}],"wp:attachment":[{"href":"https:\/\/portalmovil.com.ar\/index.php\/wp-json\/wp\/v2\/media?parent=108501"}],"wp:term":[{"taxonomy":"category","embeddable":true,"href":"https:\/\/portalmovil.com.ar\/index.php\/wp-json\/wp\/v2\/categories?post=108501"},{"taxonomy":"post_tag","embeddable":true,"href":"https:\/\/portalmovil.com.ar\/index.php\/wp-json\/wp\/v2\/tags?post=108501"}],"curies":[{"name":"wp","href":"https:\/\/api.w.org\/{rel}","templated":true}]}}