{"id":108463,"date":"2025-05-17T21:25:06","date_gmt":"2025-05-18T00:25:06","guid":{"rendered":"https:\/\/portalmovil.com.ar\/?p=108463"},"modified":"2025-05-17T21:25:10","modified_gmt":"2025-05-18T00:25:10","slug":"caso-loan-archivaron-la-hipotesis-que-vinculaba-la-desaparicion-con-una-red-narco","status":"publish","type":"post","link":"https:\/\/portalmovil.com.ar\/index.php\/2025\/05\/17\/caso-loan-archivaron-la-hipotesis-que-vinculaba-la-desaparicion-con-una-red-narco\/","title":{"rendered":"Caso Loan: archivaron la hip\u00f3tesis que vinculaba la desaparici\u00f3n con una red narco"},"content":{"rendered":"\n<p><strong>La jueza federal de Goya, Cristina Pozzer Penzo, resolvi\u00f3 archivar la causa 2498\/24, impulsada por el titular del Comit\u00e9 Ejecutivo para la Lucha contra la Trata, Gustavo Vera, que planteaba una supuesta conexi\u00f3n entre la desaparici\u00f3n de Loan Danilo Pe\u00f1a y una red de narcotr\u00e1fico.&nbsp;<\/strong>&nbsp;<\/p>\n\n\n\n<p>Esta hip\u00f3tesis surgi\u00f3 a partir de la declaraci\u00f3n del detenido Nicol\u00e1s Soria, conocido como \u00abEl Americano\u00bb, quien afirmaba que el ni\u00f1o habr\u00eda sido parte de un intercambio destinado a beneficiar judicialmente a Melanie y Lautaro L\u00f3pez, imputados por tr\u00e1fico de drogas.<\/p>\n\n\n\n<p><strong>Sin embargo, tras analizar los expedientes FCT 2157\/2025 y 2498\/2024, Pozzer Penzo concluy\u00f3 que no se comprob\u00f3 \u00abil\u00edcito penal alguno\u00bb que justificara avanzar en esa l\u00ednea investigativa. De esta forma, la magistrada determin\u00f3 el archivo definitivo de la causa por falta de pruebas que vinculen ambos casos.<\/strong><\/p>\n\n\n\n<p>En paralelo,\u00a0<strong>la jueza elev\u00f3 a juicio oral una causa contra diez personas acusadas de entorpecer la investigaci\u00f3n del caso Loan<\/strong>\u00a0. Entre los imputados se encuentran Nicol\u00e1s Soria, quien se presentaba como exagente del FBI, varios abogados y<strong>\u00a0supuestos asesores de la Fundaci\u00f3n Lucio Dupuy<\/strong>. Enfrentar\u00e1n cargos por retenci\u00f3n ileg\u00edtima de menores, manipulaci\u00f3n de testimonios y defraudaci\u00f3n a la administraci\u00f3n p\u00fablica.<\/p>\n\n\n\n<p><strong>Por otro lado, la investigaci\u00f3n principal sostiene que Loan fue v\u00edctima de un accidente seguido por sustracci\u00f3n y ocultamiento. No obstante, la C\u00e1mara Federal ratific\u00f3 los procesamientos en esta causa y desestim\u00f3 esa versi\u00f3n al afirmar que la decisi\u00f3n de sustraer al ni\u00f1o \u00abfue premeditada\u00bb y se habr\u00eda tomado durante un almuerzo el 13 de junio.<\/strong>&nbsp;<\/p>\n","protected":false},"excerpt":{"rendered":"<p>La jueza federal de Goya, Cristina Pozzer Penzo, resolvi\u00f3 archivar la causa 2498\/24, impulsada por el titular del Comit\u00e9 Ejecutivo para la Lucha contra la Trata, Gustavo Vera, que planteaba una supuesta conexi\u00f3n entre la desaparici\u00f3n de Loan Danilo Pe\u00f1a y una red de narcotr\u00e1fico.&nbsp;&nbsp; Esta hip\u00f3tesis surgi\u00f3 a partir de la declaraci\u00f3n del detenido &hellip;<\/p>\n","protected":false},"author":2,"featured_media":99553,"comment_status":"open","ping_status":"open","sticky":false,"template":"","format":"standard","meta":{"_jetpack_memberships_contains_paid_content":false,"footnotes":"","jetpack_publicize_message":"","jetpack_publicize_feature_enabled":true,"jetpack_social_post_already_shared":true,"jetpack_social_options":{"image_generator_settings":{"template":"highway","default_image_id":0,"font":"","enabled":false},"version":2}},"categories":[639,50],"tags":[],"class_list":["post-108463","post","type-post","status-publish","format-standard","has-post-thumbnail","hentry","category-argentina","category-judiciales"],"jetpack_publicize_connections":[],"jetpack_featured_media_url":"https:\/\/portalmovil.com.ar\/wp-content\/uploads\/2024\/08\/loan-1-850x560-1.webp","jetpack_sharing_enabled":true,"amp_enabled":true,"_links":{"self":[{"href":"https:\/\/portalmovil.com.ar\/index.php\/wp-json\/wp\/v2\/posts\/108463","targetHints":{"allow":["GET"]}}],"collection":[{"href":"https:\/\/portalmovil.com.ar\/index.php\/wp-json\/wp\/v2\/posts"}],"about":[{"href":"https:\/\/portalmovil.com.ar\/index.php\/wp-json\/wp\/v2\/types\/post"}],"author":[{"embeddable":true,"href":"https:\/\/portalmovil.com.ar\/index.php\/wp-json\/wp\/v2\/users\/2"}],"replies":[{"embeddable":true,"href":"https:\/\/portalmovil.com.ar\/index.php\/wp-json\/wp\/v2\/comments?post=108463"}],"version-history":[{"count":1,"href":"https:\/\/portalmovil.com.ar\/index.php\/wp-json\/wp\/v2\/posts\/108463\/revisions"}],"predecessor-version":[{"id":108464,"href":"https:\/\/portalmovil.com.ar\/index.php\/wp-json\/wp\/v2\/posts\/108463\/revisions\/108464"}],"wp:featuredmedia":[{"embeddable":true,"href":"https:\/\/portalmovil.com.ar\/index.php\/wp-json\/wp\/v2\/media\/99553"}],"wp:attachment":[{"href":"https:\/\/portalmovil.com.ar\/index.php\/wp-json\/wp\/v2\/media?parent=108463"}],"wp:term":[{"taxonomy":"category","embeddable":true,"href":"https:\/\/portalmovil.com.ar\/index.php\/wp-json\/wp\/v2\/categories?post=108463"},{"taxonomy":"post_tag","embeddable":true,"href":"https:\/\/portalmovil.com.ar\/index.php\/wp-json\/wp\/v2\/tags?post=108463"}],"curies":[{"name":"wp","href":"https:\/\/api.w.org\/{rel}","templated":true}]}}