{"id":108178,"date":"2025-05-08T04:16:00","date_gmt":"2025-05-08T07:16:00","guid":{"rendered":"https:\/\/portalmovil.com.ar\/?p=108178"},"modified":"2025-05-08T16:22:21","modified_gmt":"2025-05-08T19:22:21","slug":"milei-asegura-que-el-nuevo-papa-es-un-mensaje-del-cielo","status":"publish","type":"post","link":"https:\/\/portalmovil.com.ar\/index.php\/2025\/05\/08\/milei-asegura-que-el-nuevo-papa-es-un-mensaje-del-cielo\/","title":{"rendered":"Milei asegura que \u00abEl nuevo Papa es un mensaje del cielo\u00bb"},"content":{"rendered":"\n<p>El presidente Javier Milei, comparti\u00f3 un mensaje que gener\u00f3 controversia tras el nombramiento del nuevo papa, Le\u00f3n XIV. El jefe del Ejecutivo, quien es conocido como \u00abEl le\u00f3n\u00bb entre sus seguidores, mencion\u00f3: \u00abLas fuerzas del cielo han dado su veredicto de modo claro.\u00bb<\/p>\n\n\n\n<p> El posteo fue acompa\u00f1ado por una imagen realizada con inteligencia artificial, donde se ve el cuerpo del sumo pont\u00edfice con las vestiduras tradicionales y la cabeza de un le\u00f3n.<\/p>\n\n\n\n<figure class=\"wp-block-embed is-type-rich is-provider-twitter wp-block-embed-twitter\"><div class=\"wp-block-embed__wrapper\">\n<div class=\"embed-twitter\"><blockquote class=\"twitter-tweet\" data-width=\"500\" data-dnt=\"true\"><p lang=\"es\" dir=\"ltr\">LAS FUERZAS DEL CIELO HAN DADO SU VEREDICTO DE MODO CLARO.<br>No m\u00e1s palabras Sr. Juez.<br>Fin. <a href=\"https:\/\/t.co\/vcck2yyrn9\">pic.twitter.com\/vcck2yyrn9<\/a><\/p>&mdash; Javier Milei (@JMilei) <a href=\"https:\/\/twitter.com\/JMilei\/status\/1920533629010100293?ref_src=twsrc%5Etfw\">May 8, 2025<\/a><\/blockquote><script async src=\"https:\/\/platform.twitter.com\/widgets.js\" charset=\"utf-8\"><\/script><\/div>\n<\/div><\/figure>\n","protected":false},"excerpt":{"rendered":"<p>El presidente Javier Milei, comparti\u00f3 un mensaje que gener\u00f3 controversia tras el nombramiento del nuevo papa, Le\u00f3n XIV. El jefe del Ejecutivo, quien es conocido como \u00abEl le\u00f3n\u00bb entre sus seguidores, mencion\u00f3: \u00abLas fuerzas del cielo han dado su veredicto de modo claro.\u00bb El posteo fue acompa\u00f1ado por una imagen realizada con inteligencia artificial, donde &hellip;<\/p>\n","protected":false},"author":2,"featured_media":98145,"comment_status":"open","ping_status":"open","sticky":false,"template":"","format":"standard","meta":{"_jetpack_memberships_contains_paid_content":false,"footnotes":"","jetpack_publicize_message":"","jetpack_publicize_feature_enabled":true,"jetpack_social_post_already_shared":true,"jetpack_social_options":{"image_generator_settings":{"template":"highway","default_image_id":0,"font":"","enabled":false},"version":2}},"categories":[639,14,12],"tags":[],"class_list":["post-108178","post","type-post","status-publish","format-standard","has-post-thumbnail","hentry","category-argentina","category-politica","category-ultimo"],"jetpack_publicize_connections":[],"jetpack_featured_media_url":"https:\/\/portalmovil.com.ar\/wp-content\/uploads\/2024\/07\/milei-10.webp","jetpack_sharing_enabled":true,"amp_enabled":true,"_links":{"self":[{"href":"https:\/\/portalmovil.com.ar\/index.php\/wp-json\/wp\/v2\/posts\/108178","targetHints":{"allow":["GET"]}}],"collection":[{"href":"https:\/\/portalmovil.com.ar\/index.php\/wp-json\/wp\/v2\/posts"}],"about":[{"href":"https:\/\/portalmovil.com.ar\/index.php\/wp-json\/wp\/v2\/types\/post"}],"author":[{"embeddable":true,"href":"https:\/\/portalmovil.com.ar\/index.php\/wp-json\/wp\/v2\/users\/2"}],"replies":[{"embeddable":true,"href":"https:\/\/portalmovil.com.ar\/index.php\/wp-json\/wp\/v2\/comments?post=108178"}],"version-history":[{"count":1,"href":"https:\/\/portalmovil.com.ar\/index.php\/wp-json\/wp\/v2\/posts\/108178\/revisions"}],"predecessor-version":[{"id":108179,"href":"https:\/\/portalmovil.com.ar\/index.php\/wp-json\/wp\/v2\/posts\/108178\/revisions\/108179"}],"wp:featuredmedia":[{"embeddable":true,"href":"https:\/\/portalmovil.com.ar\/index.php\/wp-json\/wp\/v2\/media\/98145"}],"wp:attachment":[{"href":"https:\/\/portalmovil.com.ar\/index.php\/wp-json\/wp\/v2\/media?parent=108178"}],"wp:term":[{"taxonomy":"category","embeddable":true,"href":"https:\/\/portalmovil.com.ar\/index.php\/wp-json\/wp\/v2\/categories?post=108178"},{"taxonomy":"post_tag","embeddable":true,"href":"https:\/\/portalmovil.com.ar\/index.php\/wp-json\/wp\/v2\/tags?post=108178"}],"curies":[{"name":"wp","href":"https:\/\/api.w.org\/{rel}","templated":true}]}}