{"id":107729,"date":"2025-04-24T11:58:46","date_gmt":"2025-04-24T14:58:46","guid":{"rendered":"https:\/\/portalmovil.com.ar\/?p=107729"},"modified":"2025-04-24T12:54:32","modified_gmt":"2025-04-24T15:54:32","slug":"corrupcion-asi-cayo-el-testaferro-de-tito-lopez-aliado-de-capitanich","status":"publish","type":"post","link":"https:\/\/portalmovil.com.ar\/index.php\/2025\/04\/24\/corrupcion-asi-cayo-el-testaferro-de-tito-lopez-aliado-de-capitanich\/","title":{"rendered":"Corrupci\u00f3n: As\u00ed cay\u00f3 el TESTAFERRO de Tito L\u00f3pez, aliado de Capitanich"},"content":{"rendered":"\n<p>La sombra de la corrupci\u00f3n vuelve a cernirse sobre la provincia del Chaco. Fernando Adri\u00e1n Ayala, procesado por liderar una asociaci\u00f3n il\u00edcita que operaba con facturas falsas durante la gesti\u00f3n de Jorge Capitanich, fue detenido esta ma\u00f1ana en Resistencia. La justicia federal orden\u00f3 la prisi\u00f3n preventiva tras hallar videos escalofriantes: Ayala, junto a otros individuos, contaba fajos de dinero, incluso utilizando a sus propios hijos menores de edad para trasladar los billetes.<\/p>\n\n\n\n<p>La detenci\u00f3n, solicitada por el fiscal federal Patricio Sabadini y avalada por la jueza Zunilda Niremperger, se produjo en el domicilio de Ayala, donde tambi\u00e9n se secuestraron armas y municiones a nombre de su esposa, Mar\u00eda Jos\u00e9 Reinau, tambi\u00e9n procesada en la causa. <\/p>\n\n\n\n<figure class=\"wp-block-image size-large\"><img loading=\"lazy\" decoding=\"async\" width=\"1024\" height=\"770\" src=\"https:\/\/portalmovil.com.ar\/wp-content\/uploads\/2025\/04\/Photo_1745509721701-1024x770.jpg\" alt=\"\" class=\"wp-image-107743\" srcset=\"https:\/\/portalmovil.com.ar\/wp-content\/uploads\/2025\/04\/Photo_1745509721701-1024x770.jpg 1024w, https:\/\/portalmovil.com.ar\/wp-content\/uploads\/2025\/04\/Photo_1745509721701-300x226.jpg 300w, https:\/\/portalmovil.com.ar\/wp-content\/uploads\/2025\/04\/Photo_1745509721701-768x577.jpg 768w, https:\/\/portalmovil.com.ar\/wp-content\/uploads\/2025\/04\/Photo_1745509721701.jpg 1172w\" sizes=\"auto, (max-width: 1024px) 100vw, 1024px\" \/><\/figure>\n\n\n\n<p>Las autoridades buscan intensamente a Walter Pasko, el segundo acusado, quien permanece pr\u00f3fugo tras una serie de allanamientos realizados por la Polic\u00eda chaque\u00f1a.<\/p>\n\n\n\n<figure class=\"wp-block-image size-full\"><img loading=\"lazy\" decoding=\"async\" width=\"500\" height=\"888\" src=\"https:\/\/portalmovil.com.ar\/wp-content\/uploads\/2025\/04\/Photo_1745509227392.jpg\" alt=\"\" class=\"wp-image-107738\" srcset=\"https:\/\/portalmovil.com.ar\/wp-content\/uploads\/2025\/04\/Photo_1745509227392.jpg 500w, https:\/\/portalmovil.com.ar\/wp-content\/uploads\/2025\/04\/Photo_1745509227392-169x300.jpg 169w\" sizes=\"auto, (max-width: 500px) 100vw, 500px\" \/><\/figure>\n\n\n\n<p>Ayala y Pasko enfrentan cargos por asociaci\u00f3n il\u00edcita y lavado de dinero. La investigaci\u00f3n judicial destap\u00f3 una compleja trama de facturas ap\u00f3crifas utilizadas para evadir impuestos y simular la prestaci\u00f3n de servicios inexistentes, generando un perjuicio al fisco estimado en m\u00e1s de 150 millones de pesos. Ambos procesamientos ya fueron confirmados y se encuentran a un paso del juicio oral.<\/p>\n\n\n\n<p>El detonante de la detenci\u00f3n fueron los videos hallados en el celular de Ayala, secuestrado en 2022. Las im\u00e1genes, capturadas por una c\u00e1mara de seguridad instalada por el propio Ayala en el living de su casa, lo muestran recibiendo bolsos y mochilas repletas de dinero. En una escena particularmente perturbadora, registrada el 12 de julio de 2023, Ayala instruye a sus hijos menores para que trasladen los fajos de billetes. El fiscal Sabadini, en su pedido de detenci\u00f3n, enfatiz\u00f3 la gravedad de la exposici\u00f3n de los menores a estas actividades il\u00edcitas.<\/p>\n\n\n\n<p>La justicia sospecha que Ayala y Pasko, en su rol de l\u00edderes de la organizaci\u00f3n, manejan grandes sumas de dinero en efectivo, producto de sus actividades delictivas, y que podr\u00edan estar ocultando activos para eludir la justicia. Un video del 28 de septiembre de 2023 muestra a Ayala ingresando a su domicilio con una mochila llena de dinero. Al d\u00eda siguiente, Ayala, su esposa y sus hijos viajaron a Brasil con cinco valijas, regresando el 1 de octubre. <\/p>\n\n\n\n<p>La hip\u00f3tesis de la fiscal\u00eda es que este viaje tuvo como objetivo ocultar el dinero, posiblemente a trav\u00e9s de operaciones financieras o inmobiliarias. Adem\u00e1s, los imputados realizaron varios viajes a distintos pa\u00edses con probabilidad de ocultamiento.<\/p>\n\n\n\n<figure class=\"wp-block-image size-large\"><img loading=\"lazy\" decoding=\"async\" width=\"546\" height=\"1024\" src=\"https:\/\/portalmovil.com.ar\/wp-content\/uploads\/2025\/04\/Photo_1745509836014-546x1024.jpg\" alt=\"\" class=\"wp-image-107742\" srcset=\"https:\/\/portalmovil.com.ar\/wp-content\/uploads\/2025\/04\/Photo_1745509836014-546x1024.jpg 546w, https:\/\/portalmovil.com.ar\/wp-content\/uploads\/2025\/04\/Photo_1745509836014-160x300.jpg 160w, https:\/\/portalmovil.com.ar\/wp-content\/uploads\/2025\/04\/Photo_1745509836014.jpg 682w\" sizes=\"auto, (max-width: 546px) 100vw, 546px\" \/><\/figure>\n\n\n\n<p>La jueza Niremperger tambi\u00e9n orden\u00f3 nuevos allanamientos para secuestrar documentaci\u00f3n relevante y ocho veh\u00edculos, presuntamente adquiridos con dinero proveniente del lavado de activos. La investigaci\u00f3n destapa un entramado de cooperativas y conexiones pol\u00edticas que se ramifican hacia otros expedientes por corrupci\u00f3n en la justicia chaque\u00f1a.<\/p>\n\n\n\n<figure class=\"wp-block-video\"><video height=\"480\" style=\"aspect-ratio: 848 \/ 480;\" width=\"848\" controls src=\"https:\/\/portalmovil.com.ar\/wp-content\/uploads\/2025\/04\/video_watermark1745498714608.mp4\"><\/video><\/figure>\n\n\n\n<p>Ayala, titular de varias cooperativas, utilizaba las facturas falsas proporcionadas por Pasko, quien actuaba como contador. <\/p>\n\n\n\n<p>Estas cooperativas operaban con diversos organismos del gobierno chaque\u00f1o, incluyendo el Instituto de Agricultura Familiar y Econom\u00eda Popular (IAFEP), el Ministerio de Infraestructura y Servicios P\u00fablicos, el Ministerio de Gobierno y Trabajo, el Ministerio de la Producci\u00f3n, y cinco municipios de la provincia. La facturaci\u00f3n ap\u00f3crifa se realizaba a trav\u00e9s de empresas vinculadas a Pasko, generando cr\u00e9ditos fiscales inexistentes.<\/p>\n\n\n\n<figure class=\"wp-block-image size-large\"><img loading=\"lazy\" decoding=\"async\" width=\"922\" height=\"1024\" src=\"https:\/\/portalmovil.com.ar\/wp-content\/uploads\/2025\/04\/Photo_1745509227866-922x1024.jpg\" alt=\"\" class=\"wp-image-107737\" srcset=\"https:\/\/portalmovil.com.ar\/wp-content\/uploads\/2025\/04\/Photo_1745509227866-922x1024.jpg 922w, https:\/\/portalmovil.com.ar\/wp-content\/uploads\/2025\/04\/Photo_1745509227866-270x300.jpg 270w, https:\/\/portalmovil.com.ar\/wp-content\/uploads\/2025\/04\/Photo_1745509227866-768x853.jpg 768w, https:\/\/portalmovil.com.ar\/wp-content\/uploads\/2025\/04\/Photo_1745509227866.jpg 1080w\" sizes=\"auto, (max-width: 922px) 100vw, 922px\" \/><\/figure>\n\n\n\n<p>La trama se complica a\u00fan m\u00e1s con la conexi\u00f3n con Mauro Andi\u00f3n, ex titular del IAFEP durante la gesti\u00f3n Capitanich, quien se encuentra detenido desde octubre de 2023 por administraci\u00f3n fraudulenta en otra causa relacionada con la entrega de fondos p\u00fablicos a organizaciones sociales. La pareja de Pasko, Diana Yael Daniel, trabajaba en el IAFEP y tiene parentesco con Andi\u00f3n. <\/p>\n\n\n\n<figure class=\"wp-block-image size-large\"><img loading=\"lazy\" decoding=\"async\" width=\"576\" height=\"1024\" src=\"https:\/\/portalmovil.com.ar\/wp-content\/uploads\/2025\/04\/Photo_1745509255889-576x1024.jpg\" alt=\"\" class=\"wp-image-107739\" srcset=\"https:\/\/portalmovil.com.ar\/wp-content\/uploads\/2025\/04\/Photo_1745509255889-576x1024.jpg 576w, https:\/\/portalmovil.com.ar\/wp-content\/uploads\/2025\/04\/Photo_1745509255889-169x300.jpg 169w, https:\/\/portalmovil.com.ar\/wp-content\/uploads\/2025\/04\/Photo_1745509255889.jpg 720w\" sizes=\"auto, (max-width: 576px) 100vw, 576px\" \/><\/figure>\n\n\n\n<p>La investigaci\u00f3n tambi\u00e9n busca determinar la posible vinculaci\u00f3n con Ram\u00f3n \u00abTito\u00bb L\u00f3pez, un dirigente piquetero preso por presunto lavado de dinero. Este nuevo esc\u00e1ndalo sacude al Chaco y pone en evidencia la fragilidad de los controles y la persistencia de la corrupci\u00f3n en la administraci\u00f3n p\u00fablica. La justicia deber\u00e1 determinar el alcance total de esta red delictiva y la responsabilidad de todos los involucrados.<\/p>\n","protected":false},"excerpt":{"rendered":"<p>La sombra de la corrupci\u00f3n vuelve a cernirse sobre la provincia del Chaco. Fernando Adri\u00e1n Ayala, procesado por liderar una asociaci\u00f3n il\u00edcita que operaba con facturas falsas durante la gesti\u00f3n de Jorge Capitanich, fue detenido esta ma\u00f1ana en Resistencia. La justicia federal orden\u00f3 la prisi\u00f3n preventiva tras hallar videos escalofriantes: Ayala, junto a otros individuos, &hellip;<\/p>\n","protected":false},"author":2,"featured_media":107730,"comment_status":"open","ping_status":"open","sticky":false,"template":"","format":"standard","meta":{"_jetpack_memberships_contains_paid_content":false,"footnotes":"","jetpack_publicize_message":"","jetpack_publicize_feature_enabled":true,"jetpack_social_post_already_shared":true,"jetpack_social_options":{"image_generator_settings":{"template":"highway","default_image_id":0,"font":"","enabled":false},"version":2}},"categories":[5,50],"tags":[],"class_list":["post-107729","post","type-post","status-publish","format-standard","has-post-thumbnail","hentry","category-chaco","category-judiciales"],"jetpack_publicize_connections":[],"jetpack_featured_media_url":"https:\/\/portalmovil.com.ar\/wp-content\/uploads\/2025\/04\/Photo_1745506506614.jpg","jetpack_sharing_enabled":true,"amp_enabled":true,"_links":{"self":[{"href":"https:\/\/portalmovil.com.ar\/index.php\/wp-json\/wp\/v2\/posts\/107729","targetHints":{"allow":["GET"]}}],"collection":[{"href":"https:\/\/portalmovil.com.ar\/index.php\/wp-json\/wp\/v2\/posts"}],"about":[{"href":"https:\/\/portalmovil.com.ar\/index.php\/wp-json\/wp\/v2\/types\/post"}],"author":[{"embeddable":true,"href":"https:\/\/portalmovil.com.ar\/index.php\/wp-json\/wp\/v2\/users\/2"}],"replies":[{"embeddable":true,"href":"https:\/\/portalmovil.com.ar\/index.php\/wp-json\/wp\/v2\/comments?post=107729"}],"version-history":[{"count":5,"href":"https:\/\/portalmovil.com.ar\/index.php\/wp-json\/wp\/v2\/posts\/107729\/revisions"}],"predecessor-version":[{"id":107744,"href":"https:\/\/portalmovil.com.ar\/index.php\/wp-json\/wp\/v2\/posts\/107729\/revisions\/107744"}],"wp:featuredmedia":[{"embeddable":true,"href":"https:\/\/portalmovil.com.ar\/index.php\/wp-json\/wp\/v2\/media\/107730"}],"wp:attachment":[{"href":"https:\/\/portalmovil.com.ar\/index.php\/wp-json\/wp\/v2\/media?parent=107729"}],"wp:term":[{"taxonomy":"category","embeddable":true,"href":"https:\/\/portalmovil.com.ar\/index.php\/wp-json\/wp\/v2\/categories?post=107729"},{"taxonomy":"post_tag","embeddable":true,"href":"https:\/\/portalmovil.com.ar\/index.php\/wp-json\/wp\/v2\/tags?post=107729"}],"curies":[{"name":"wp","href":"https:\/\/api.w.org\/{rel}","templated":true}]}}