{"id":107606,"date":"2025-04-21T07:14:29","date_gmt":"2025-04-21T10:14:29","guid":{"rendered":"https:\/\/portalmovil.com.ar\/?p=107606"},"modified":"2025-04-21T07:14:33","modified_gmt":"2025-04-21T10:14:33","slug":"a-los-88-anos-murio-el-papa-francisco","status":"publish","type":"post","link":"https:\/\/portalmovil.com.ar\/index.php\/2025\/04\/21\/a-los-88-anos-murio-el-papa-francisco\/","title":{"rendered":"A los 88 a\u00f1os muri\u00f3 el Papa Francisco"},"content":{"rendered":"\n<h3 class=\"wp-block-heading\"><strong>Este lunes por la ma\u00f1ana, alrededor de las 7.35, muri\u00f3 el Papa Francisco, seg\u00fan inform\u00f3 el Vaticano, luego de atravesar un periodo complicado de&nbsp; Salud.<\/strong>&nbsp;<\/h3>\n\n\n\n<p>La noticia fue confirmada este lunes por la ma\u00f1ana por el cardenal Kevin Farrell, camarlengo del Vaticano.<\/p>\n\n\n\n<p><strong>\u00abQueridos hermanos y hermanas, con profundo pesar debo anunciar el fallecimiento de nuestro Santo Padre Francisco\u00bb,<\/strong>&nbsp;declar\u00f3 el camarlengo en un comunicado.<\/p>\n\n\n\n<p><strong>\u00abA las 7:35 a.m, el obispo de Roma, Francisco, regres\u00f3 a la casa del Padre<\/strong>. Dedic\u00f3 toda su vida al servicio del Se\u00f1or y de su Iglesia\u00bb, sostuvo.<\/p>\n\n\n\n<p>Farrell continu\u00f3:&nbsp;<strong>\u00abNos ense\u00f1\u00f3 a vivir los valores del Evangelio con fidelidad, valent\u00eda y amor universal, especialmente a favor de los m\u00e1s pobres y marginados\u00bb.<\/strong><\/p>\n\n\n\n<p>\u00abCon inmensa gratitud por su ejemplo como verdadero disc\u00edpulo del Se\u00f1or Jes\u00fas, encomendamos el alma del papa Francisco al infinito amor misericordioso del Dios trino\u00bb, concluy\u00f3 el comunicado.<\/p>\n","protected":false},"excerpt":{"rendered":"<p>Este lunes por la ma\u00f1ana, alrededor de las 7.35, muri\u00f3 el Papa Francisco, seg\u00fan inform\u00f3 el Vaticano, luego de atravesar un periodo complicado de&nbsp; Salud.&nbsp; La noticia fue confirmada este lunes por la ma\u00f1ana por el cardenal Kevin Farrell, camarlengo del Vaticano. \u00abQueridos hermanos y hermanas, con profundo pesar debo anunciar el fallecimiento de nuestro &hellip;<\/p>\n","protected":false},"author":2,"featured_media":107607,"comment_status":"open","ping_status":"open","sticky":false,"template":"","format":"standard","meta":{"_jetpack_memberships_contains_paid_content":false,"footnotes":"","jetpack_publicize_message":"","jetpack_publicize_feature_enabled":true,"jetpack_social_post_already_shared":true,"jetpack_social_options":{"image_generator_settings":{"template":"highway","default_image_id":0,"font":"","enabled":false},"version":2}},"categories":[17,12],"tags":[],"class_list":["post-107606","post","type-post","status-publish","format-standard","has-post-thumbnail","hentry","category-mundo","category-ultimo"],"jetpack_publicize_connections":[],"jetpack_featured_media_url":"https:\/\/portalmovil.com.ar\/wp-content\/uploads\/2025\/04\/IMG-20250421-WA0005.jpg","jetpack_sharing_enabled":true,"amp_enabled":true,"_links":{"self":[{"href":"https:\/\/portalmovil.com.ar\/index.php\/wp-json\/wp\/v2\/posts\/107606","targetHints":{"allow":["GET"]}}],"collection":[{"href":"https:\/\/portalmovil.com.ar\/index.php\/wp-json\/wp\/v2\/posts"}],"about":[{"href":"https:\/\/portalmovil.com.ar\/index.php\/wp-json\/wp\/v2\/types\/post"}],"author":[{"embeddable":true,"href":"https:\/\/portalmovil.com.ar\/index.php\/wp-json\/wp\/v2\/users\/2"}],"replies":[{"embeddable":true,"href":"https:\/\/portalmovil.com.ar\/index.php\/wp-json\/wp\/v2\/comments?post=107606"}],"version-history":[{"count":1,"href":"https:\/\/portalmovil.com.ar\/index.php\/wp-json\/wp\/v2\/posts\/107606\/revisions"}],"predecessor-version":[{"id":107608,"href":"https:\/\/portalmovil.com.ar\/index.php\/wp-json\/wp\/v2\/posts\/107606\/revisions\/107608"}],"wp:featuredmedia":[{"embeddable":true,"href":"https:\/\/portalmovil.com.ar\/index.php\/wp-json\/wp\/v2\/media\/107607"}],"wp:attachment":[{"href":"https:\/\/portalmovil.com.ar\/index.php\/wp-json\/wp\/v2\/media?parent=107606"}],"wp:term":[{"taxonomy":"category","embeddable":true,"href":"https:\/\/portalmovil.com.ar\/index.php\/wp-json\/wp\/v2\/categories?post=107606"},{"taxonomy":"post_tag","embeddable":true,"href":"https:\/\/portalmovil.com.ar\/index.php\/wp-json\/wp\/v2\/tags?post=107606"}],"curies":[{"name":"wp","href":"https:\/\/api.w.org\/{rel}","templated":true}]}}