{"id":107597,"date":"2025-04-18T15:37:32","date_gmt":"2025-04-18T18:37:32","guid":{"rendered":"https:\/\/portalmovil.com.ar\/?p=107597"},"modified":"2025-04-18T15:37:36","modified_gmt":"2025-04-18T18:37:36","slug":"un-mallonero-fue-a-pescar-y-desaparecio-en-el-rio-parana","status":"publish","type":"post","link":"https:\/\/portalmovil.com.ar\/index.php\/2025\/04\/18\/un-mallonero-fue-a-pescar-y-desaparecio-en-el-rio-parana\/","title":{"rendered":"Un mallonero fue a pescar y desapareci\u00f3 en el Rio Paran\u00e1"},"content":{"rendered":"\n<p>Un operativo policial se encuentra en marcha en la zona del barrio San Pedro Pescador, en jurisdicci\u00f3n de Colonia Ben\u00edtez tras la denuncia presentada por Olga Beatriz L\u00f3pez, de 30 a\u00f1os, quien report\u00f3 la desaparici\u00f3n de su concubino,\u00a0Angelo Emanuel Mi\u00f1o, de 34 a\u00f1os, el pasado 18 de abril.<\/p>\n\n\n\n<p>La se\u00f1ora L\u00f3pez se present\u00f3 en la seccional para informar que Mi\u00f1o sali\u00f3 de su domicilio ubicado en barrio La Lomita durante la tarde del mi\u00e9rcoles 16, con destino a la zona ribere\u00f1a ubicada debajo del puente interprovincial, para realizar actividades de pesca.<\/p>\n\n\n\n<p>La \u00faltima comunicaci\u00f3n directa que tuvo la familia de Mi\u00f1o fue a trav\u00e9s de un video enviado por \u00e9l a un grupo de WhatsApp, la noche del jueves 17 alrededor de las 19:00, donde manifestaba su intenci\u00f3n de retornar a la casa en breve. Desde ese momento, L\u00f3pez intent\u00f3 reiteradas veces establecer contacto telef\u00f3nico, pero no obtuvo respuesta.<\/p>\n\n\n\n<p>En el transcurso de la b\u00fasqueda de informaci\u00f3n, L\u00f3pez supo que Mi\u00f1o habr\u00eda estado trabajando con Sebasti\u00e1n Sena, un conocido del ambiente pesquero local, que suele coordinar pescadores denominados \u00absecretarios de pesca\u00bb.<\/p>\n\n\n\n<p>Al consultarle, Sena aport\u00f3 datos sobre una pelea ocurrida durante la noche con otro individuo cuya identidad a\u00fan no fue determinada. Seg\u00fan su versi\u00f3n, Mi\u00f1o \u2014a quien se refiri\u00f3 con el apodo \u00abLencho\u00bb\u2014 habr\u00eda agredido con un remo al acompa\u00f1ante en el brazo durante un altercado en la canoa, despu\u00e9s de lo cual Sena not\u00f3 que la embarcaci\u00f3n que hab\u00eda prestado tampoco se encontraba en el lugar y el acompa\u00f1ante atendido en una salita m\u00e9dica local evit\u00f3 referirse al paradero de Mi\u00f1o.<\/p>\n\n\n\n<p>La denunciante aclar\u00f3 que desconoce tanto la identidad como la vestimenta del individuo que estuvo con su pareja al momento del incidente. Sobre Mi\u00f1o, brind\u00f3 una detallada descripci\u00f3n f\u00edsica: tez morena, una altura de aproximadamente 1,70 metros, cabello enrulado negro con calvicie parcial, ojos marrones y un tatuaje grande en el abdomen, desde debajo del pecho hasta el ombligo, del lado derecho. Adem\u00e1s, aport\u00f3 una fotograf\u00eda autorizada para su difusi\u00f3n con el objetivo de facilitar la b\u00fasqueda.<\/p>\n\n\n\n<p>El fiscal de turno, doctor V\u00edctor Recio, dispuso la activaci\u00f3n inmediata del protocolo provincial de b\u00fasqueda de personas desaparecidas. Personal policial de la Comisar\u00eda Primera de Barranqueras, bajo las \u00f3rdenes del comisario principal Gerzel Cristian, encabeza las tareas investigativas en el barrio San Pedro Pescador y zonas aleda\u00f1as.<\/p>\n\n\n\n<p>Hasta el momento de la publicaci\u00f3n de esta nota, las diligencias contin\u00faan a fin de esclarecer el paradero de Mi\u00f1o y las circunstancias que rodear\u00edan su desaparici\u00f3n. Se espera que en las pr\u00f3ximas horas las autoridades brinden novedades sobre el avance de la investigaci\u00f3n.<\/p>\n","protected":false},"excerpt":{"rendered":"<p>Un operativo policial se encuentra en marcha en la zona del barrio San Pedro Pescador, en jurisdicci\u00f3n de Colonia Ben\u00edtez tras la denuncia presentada por Olga Beatriz L\u00f3pez, de 30 a\u00f1os, quien report\u00f3 la desaparici\u00f3n de su concubino,\u00a0Angelo Emanuel Mi\u00f1o, de 34 a\u00f1os, el pasado 18 de abril. La se\u00f1ora L\u00f3pez se present\u00f3 en la &hellip;<\/p>\n","protected":false},"author":2,"featured_media":107598,"comment_status":"open","ping_status":"open","sticky":false,"template":"","format":"standard","meta":{"_jetpack_memberships_contains_paid_content":false,"footnotes":"","jetpack_publicize_message":"","jetpack_publicize_feature_enabled":true,"jetpack_social_post_already_shared":true,"jetpack_social_options":{"image_generator_settings":{"template":"highway","default_image_id":0,"font":"","enabled":false},"version":2}},"categories":[5,8],"tags":[],"class_list":["post-107597","post","type-post","status-publish","format-standard","has-post-thumbnail","hentry","category-chaco","category-policiales"],"jetpack_publicize_connections":[],"jetpack_featured_media_url":"https:\/\/portalmovil.com.ar\/wp-content\/uploads\/2025\/04\/FB_IMG_1745000610963.jpg","jetpack_sharing_enabled":true,"amp_enabled":true,"_links":{"self":[{"href":"https:\/\/portalmovil.com.ar\/index.php\/wp-json\/wp\/v2\/posts\/107597","targetHints":{"allow":["GET"]}}],"collection":[{"href":"https:\/\/portalmovil.com.ar\/index.php\/wp-json\/wp\/v2\/posts"}],"about":[{"href":"https:\/\/portalmovil.com.ar\/index.php\/wp-json\/wp\/v2\/types\/post"}],"author":[{"embeddable":true,"href":"https:\/\/portalmovil.com.ar\/index.php\/wp-json\/wp\/v2\/users\/2"}],"replies":[{"embeddable":true,"href":"https:\/\/portalmovil.com.ar\/index.php\/wp-json\/wp\/v2\/comments?post=107597"}],"version-history":[{"count":1,"href":"https:\/\/portalmovil.com.ar\/index.php\/wp-json\/wp\/v2\/posts\/107597\/revisions"}],"predecessor-version":[{"id":107599,"href":"https:\/\/portalmovil.com.ar\/index.php\/wp-json\/wp\/v2\/posts\/107597\/revisions\/107599"}],"wp:featuredmedia":[{"embeddable":true,"href":"https:\/\/portalmovil.com.ar\/index.php\/wp-json\/wp\/v2\/media\/107598"}],"wp:attachment":[{"href":"https:\/\/portalmovil.com.ar\/index.php\/wp-json\/wp\/v2\/media?parent=107597"}],"wp:term":[{"taxonomy":"category","embeddable":true,"href":"https:\/\/portalmovil.com.ar\/index.php\/wp-json\/wp\/v2\/categories?post=107597"},{"taxonomy":"post_tag","embeddable":true,"href":"https:\/\/portalmovil.com.ar\/index.php\/wp-json\/wp\/v2\/tags?post=107597"}],"curies":[{"name":"wp","href":"https:\/\/api.w.org\/{rel}","templated":true}]}}