{"id":107576,"date":"2025-04-17T18:28:14","date_gmt":"2025-04-17T21:28:14","guid":{"rendered":"https:\/\/portalmovil.com.ar\/?p=107576"},"modified":"2025-04-17T18:28:18","modified_gmt":"2025-04-17T21:28:18","slug":"protesta-y-revuelta-de-presos-en-la-comisaria-de-saenz-pena-en-reclamo-de-los-celulares","status":"publish","type":"post","link":"https:\/\/portalmovil.com.ar\/index.php\/2025\/04\/17\/protesta-y-revuelta-de-presos-en-la-comisaria-de-saenz-pena-en-reclamo-de-los-celulares\/","title":{"rendered":"Protesta y revuelta de presos en la Comisar\u00eda de S\u00e1enz Pe\u00f1a en reclamo de los celulares"},"content":{"rendered":"\n<p>Este jueves pasado el mediod\u00eda, el llavero de turno Cabo de Polic\u00eda Carlos Muzychuk, report\u00f3 que internos de la Comisar\u00eda Tercera de S\u00e1enz Pe\u00f1a, iniciaron un incendio prendiendo fuego prendas de vestir y s\u00e1banas y arrojaron agua caliente al llavero, generando un desorden general.<\/p>\n\n\n\n<p>Los presos identificados como S.F.R., de 20 a\u00f1os; E.J.M., de 24 a\u00f1os; M.N.C, de 25 y R.L. fueron quienes iniciaron el fuego a modo de presi\u00f3n y exigencia para que se les restituya sus celulares y parlantes.<\/p>\n\n\n\n<p>La Polic\u00eda utiliz\u00f3 extintores para apagar el incendio y solicit\u00f3 colaboraci\u00f3n de Divisi\u00f3n Infanter\u00eda y de Divisi\u00f3n Medicina Legal. Adem\u00e1s, dieron aviso al Fiscal de Turno.<\/p>\n","protected":false},"excerpt":{"rendered":"<p>Este jueves pasado el mediod\u00eda, el llavero de turno Cabo de Polic\u00eda Carlos Muzychuk, report\u00f3 que internos de la Comisar\u00eda Tercera de S\u00e1enz Pe\u00f1a, iniciaron un incendio prendiendo fuego prendas de vestir y s\u00e1banas y arrojaron agua caliente al llavero, generando un desorden general. Los presos identificados como S.F.R., de 20 a\u00f1os; E.J.M., de 24 &hellip;<\/p>\n","protected":false},"author":2,"featured_media":107577,"comment_status":"open","ping_status":"open","sticky":false,"template":"","format":"standard","meta":{"_jetpack_memberships_contains_paid_content":false,"footnotes":"","jetpack_publicize_message":"","jetpack_publicize_feature_enabled":true,"jetpack_social_post_already_shared":true,"jetpack_social_options":{"image_generator_settings":{"template":"highway","default_image_id":0,"font":"","enabled":false},"version":2}},"categories":[5,8],"tags":[],"class_list":["post-107576","post","type-post","status-publish","format-standard","has-post-thumbnail","hentry","category-chaco","category-policiales"],"jetpack_publicize_connections":[],"jetpack_featured_media_url":"https:\/\/portalmovil.com.ar\/wp-content\/uploads\/2025\/04\/FB_IMG_1744922885503.jpg","jetpack_sharing_enabled":true,"amp_enabled":true,"_links":{"self":[{"href":"https:\/\/portalmovil.com.ar\/index.php\/wp-json\/wp\/v2\/posts\/107576","targetHints":{"allow":["GET"]}}],"collection":[{"href":"https:\/\/portalmovil.com.ar\/index.php\/wp-json\/wp\/v2\/posts"}],"about":[{"href":"https:\/\/portalmovil.com.ar\/index.php\/wp-json\/wp\/v2\/types\/post"}],"author":[{"embeddable":true,"href":"https:\/\/portalmovil.com.ar\/index.php\/wp-json\/wp\/v2\/users\/2"}],"replies":[{"embeddable":true,"href":"https:\/\/portalmovil.com.ar\/index.php\/wp-json\/wp\/v2\/comments?post=107576"}],"version-history":[{"count":1,"href":"https:\/\/portalmovil.com.ar\/index.php\/wp-json\/wp\/v2\/posts\/107576\/revisions"}],"predecessor-version":[{"id":107578,"href":"https:\/\/portalmovil.com.ar\/index.php\/wp-json\/wp\/v2\/posts\/107576\/revisions\/107578"}],"wp:featuredmedia":[{"embeddable":true,"href":"https:\/\/portalmovil.com.ar\/index.php\/wp-json\/wp\/v2\/media\/107577"}],"wp:attachment":[{"href":"https:\/\/portalmovil.com.ar\/index.php\/wp-json\/wp\/v2\/media?parent=107576"}],"wp:term":[{"taxonomy":"category","embeddable":true,"href":"https:\/\/portalmovil.com.ar\/index.php\/wp-json\/wp\/v2\/categories?post=107576"},{"taxonomy":"post_tag","embeddable":true,"href":"https:\/\/portalmovil.com.ar\/index.php\/wp-json\/wp\/v2\/tags?post=107576"}],"curies":[{"name":"wp","href":"https:\/\/api.w.org\/{rel}","templated":true}]}}