{"id":107573,"date":"2025-04-17T17:38:23","date_gmt":"2025-04-17T20:38:23","guid":{"rendered":"https:\/\/portalmovil.com.ar\/?p=107573"},"modified":"2025-04-17T17:38:27","modified_gmt":"2025-04-17T20:38:27","slug":"lizy-tagliani-no-podra-adoptar-a-ningun-nino-por-las-denuncias-de-corrupcion-de-menores","status":"publish","type":"post","link":"https:\/\/portalmovil.com.ar\/index.php\/2025\/04\/17\/lizy-tagliani-no-podra-adoptar-a-ningun-nino-por-las-denuncias-de-corrupcion-de-menores\/","title":{"rendered":"Lizy Tagliani no podr\u00e1 adoptar a ning\u00fan ni\u00f1o por las denuncias de Corrupci\u00f3n de Menores"},"content":{"rendered":"\n<p>La conmoci\u00f3n es total en el mundo del espect\u00e1culo de nuestro pa\u00eds a ra\u00edz de lo que est\u00e1 sucediendo con&nbsp;<strong><a href=\"https:\/\/elintransigente.com\/tag\/lizy-tagliani\/\">Lizy Tagliani&nbsp;<\/a><\/strong>tras las fuertes acusaciones de Viviana Canosa en su programa. Fue&nbsp;<strong><a href=\"https:\/\/elintransigente.com\/tag\/marcelo-polino\/\">Marcelo Polino<\/a><\/strong>&nbsp;en Puro Show, el ciclo de&nbsp;<strong>Canal Trece<\/strong>, quien se manifest\u00f3 sobre la decisi\u00f3n que se habr\u00eda tomado desde la Justicia con el hijo adoptivo de la artista.<\/p>\n\n\n\n<p>\u00abLizy est\u00e1 en un proceso de guarda. El proceso de adopci\u00f3n tiene varias etapas\u2026 por estos d\u00edas a Lizy se le iba a dar la guarda definitiva para que ella pudiera iniciar el juicio por adopci\u00f3n. Cuando se te da la guarda plena los pap\u00e1s adoptantes deben iniciar un juicio\u00bb, comenz\u00f3 diciendo.<\/p>\n\n\n\n<p>\u00abA partir de ah\u00ed se necesita hacer ese juicio por adopci\u00f3n. Por eso podr\u00eda llegar a peligrar la adopci\u00f3n del ni\u00f1o. Ahora est\u00e1 en el proceso de m\u00e1s observaci\u00f3n de los pap\u00e1s adoptantes. De hecho, Lizy dijo que entre hoy y ma\u00f1ana iba a salir esta resoluci\u00f3n y no va a salir hasta que no se levante el secreto de sumario\u00bb, apunt\u00f3\u00a0<a href=\"http:\/\/portal M\u00f3vil\">Marcelo Polino.<\/a><\/p>\n\n\n\n<p><strong>\u00abEl juez de familia no va a tomar esa determinaci\u00f3n. Esto pasa en cualquier familia adoptante, en el per\u00edodo previo a poder iniciar el juicio\u2026 no se puede tomar una determinaci\u00f3n definitiva. Todav\u00eda no sabemos qu\u00e9 es lo que declar\u00f3 Viviana Canosa, hasta qu\u00e9 punto puede involucrar a Lizy. Esto retrasa la resoluci\u00f3n\u2026 Es una situaci\u00f3n muy dolorosa\u00bb, coment\u00f3 sobre lo que tiene que afrontar Lizy Tagliani.<\/strong><\/p>\n\n\n\n<p>\u00abYo trabajo hace 20 a\u00f1os en esto. Por la experiencia que yo tengo un juez no se basa en los dichos en la televisi\u00f3n. Se est\u00e1 basando en un expediente\u2026 Yo estoy contando lo que s\u00e9 en funci\u00f3n de lo que es el sistema de adopci\u00f3n. El juez debe esperar que la Justicia se expida o que abra el expediente, quiz\u00e1s Lizy ni est\u00e1 mencionada y todo sigue como si nada\u00bb, expuso.<\/p>\n\n\n\n<p>\u00abPero ni hoy ni ma\u00f1ana se va a resolver el tema de la adopci\u00f3n. Me parece tremendo. A m\u00ed lo \u00fanico que me importa es el derecho de los ni\u00f1os. Ojal\u00e1 que esto sea nada m\u00e1s que una peque\u00f1a demora, pero para los jueces de familia son situaciones complicadas. Yo estoy preocupado por esa criatura\u00bb, sentenci\u00f3.<\/p>\n","protected":false},"excerpt":{"rendered":"<p>La conmoci\u00f3n es total en el mundo del espect\u00e1culo de nuestro pa\u00eds a ra\u00edz de lo que est\u00e1 sucediendo con&nbsp;Lizy Tagliani&nbsp;tras las fuertes acusaciones de Viviana Canosa en su programa. Fue&nbsp;Marcelo Polino&nbsp;en Puro Show, el ciclo de&nbsp;Canal Trece, quien se manifest\u00f3 sobre la decisi\u00f3n que se habr\u00eda tomado desde la Justicia con el hijo adoptivo &hellip;<\/p>\n","protected":false},"author":2,"featured_media":107574,"comment_status":"open","ping_status":"open","sticky":false,"template":"","format":"standard","meta":{"_jetpack_memberships_contains_paid_content":false,"footnotes":"","jetpack_publicize_message":"","jetpack_publicize_feature_enabled":true,"jetpack_social_post_already_shared":true,"jetpack_social_options":{"image_generator_settings":{"template":"highway","default_image_id":0,"font":"","enabled":false},"version":2}},"categories":[158,50],"tags":[],"class_list":["post-107573","post","type-post","status-publish","format-standard","has-post-thumbnail","hentry","category-espectaculos","category-judiciales"],"jetpack_publicize_connections":[],"jetpack_featured_media_url":"https:\/\/portalmovil.com.ar\/wp-content\/uploads\/2025\/04\/IDAYXYCHIRF7ROTWAE47HGEENE.webp","jetpack_sharing_enabled":true,"amp_enabled":true,"_links":{"self":[{"href":"https:\/\/portalmovil.com.ar\/index.php\/wp-json\/wp\/v2\/posts\/107573","targetHints":{"allow":["GET"]}}],"collection":[{"href":"https:\/\/portalmovil.com.ar\/index.php\/wp-json\/wp\/v2\/posts"}],"about":[{"href":"https:\/\/portalmovil.com.ar\/index.php\/wp-json\/wp\/v2\/types\/post"}],"author":[{"embeddable":true,"href":"https:\/\/portalmovil.com.ar\/index.php\/wp-json\/wp\/v2\/users\/2"}],"replies":[{"embeddable":true,"href":"https:\/\/portalmovil.com.ar\/index.php\/wp-json\/wp\/v2\/comments?post=107573"}],"version-history":[{"count":1,"href":"https:\/\/portalmovil.com.ar\/index.php\/wp-json\/wp\/v2\/posts\/107573\/revisions"}],"predecessor-version":[{"id":107575,"href":"https:\/\/portalmovil.com.ar\/index.php\/wp-json\/wp\/v2\/posts\/107573\/revisions\/107575"}],"wp:featuredmedia":[{"embeddable":true,"href":"https:\/\/portalmovil.com.ar\/index.php\/wp-json\/wp\/v2\/media\/107574"}],"wp:attachment":[{"href":"https:\/\/portalmovil.com.ar\/index.php\/wp-json\/wp\/v2\/media?parent=107573"}],"wp:term":[{"taxonomy":"category","embeddable":true,"href":"https:\/\/portalmovil.com.ar\/index.php\/wp-json\/wp\/v2\/categories?post=107573"},{"taxonomy":"post_tag","embeddable":true,"href":"https:\/\/portalmovil.com.ar\/index.php\/wp-json\/wp\/v2\/tags?post=107573"}],"curies":[{"name":"wp","href":"https:\/\/api.w.org\/{rel}","templated":true}]}}