{"id":107536,"date":"2025-04-16T06:43:00","date_gmt":"2025-04-16T09:43:00","guid":{"rendered":"https:\/\/portalmovil.com.ar\/?p=107536"},"modified":"2025-04-16T18:48:10","modified_gmt":"2025-04-16T21:48:10","slug":"el-abogado-roba-vacas-quedo-en-libertad-tras-pagar-325-millones","status":"publish","type":"post","link":"https:\/\/portalmovil.com.ar\/index.php\/2025\/04\/16\/el-abogado-roba-vacas-quedo-en-libertad-tras-pagar-325-millones\/","title":{"rendered":"El abogado ROBA VACAS qued\u00f3 en libertad tras pagar $ 325 millones"},"content":{"rendered":"\n<p>El abogado Ricardo Osuna, defensor de Emerenciano y C\u00e9sar Sena en la causa por el femicidio de Cecilia Strzyzowski, recuper\u00f3 su libertad tras haber permanecido 41 d\u00edas detenido. Estaba imputado en varias causas por robo de ganado y delitos conexos en la provincia del Chaco.<\/p>\n\n\n<a href=\"https:\/\/portalmovil.com.ar\/wp-content\/uploads\/2025\/04\/OFICIO-DE-LIBERTAD-EFECTIVA-OSUNA-RICARDO-ARIEL_en_Expte_4059_2025_1-1.pdf\" class=\"pdfemb-viewer\" style=\"\" data-width=\"max\" data-height=\"max\" data-toolbar=\"bottom\" data-toolbar-fixed=\"off\">OFICIO-DE-LIBERTAD-EFECTIVA-OSUNA-RICARDO-ARIEL_en_Expte_4059_2025_1-1<\/a>\n\n\n<p>Si bien a\u00fan contin\u00faa procesado en al menos tres expedientes, la C\u00e1mara de Apelaciones revoc\u00f3 su prisi\u00f3n preventiva, permitiendo su liberaci\u00f3n. Hasta el momento, no trascendieron los detalles concretos de la cauci\u00f3n finalmente aceptada por la justicia.<\/p>\n\n\n\n<p>D\u00edas atr\u00e1s, su abogada defensora hab\u00eda ofrecido como garant\u00eda un inmueble valuado en 325 millones de pesos, con el objetivo de cubrir el monto exigido en las diferentes causas abiertas.<\/p>\n\n\n\n<p>Uno de los casos m\u00e1s graves en su contra est\u00e1 vinculado a la sustracci\u00f3n de al menos 20 vacunos en una estancia de Lapachito. Parte del ganado fue hallado durante un allanamiento en un campo de su propiedad. Seg\u00fan fuentes policiales, en ese operativo Osuna habr\u00eda intentado frustrar el procedimiento cortando alambrados.<\/p>\n\n\n\n<p>El abogado fue detenido el 4 de marzo y hasta su excarcelaci\u00f3n se encontraba alojado en la comisar\u00eda Und\u00e9cima de Resistencia. La fiscal Noelia Mi\u00f1o, de la Fiscal\u00eda Rural de General San Mart\u00edn, continuar\u00e1 con las investigaciones en curso.<\/p>\n","protected":false},"excerpt":{"rendered":"<p>El abogado Ricardo Osuna, defensor de Emerenciano y C\u00e9sar Sena en la causa por el femicidio de Cecilia Strzyzowski, recuper\u00f3 su libertad tras haber permanecido 41 d\u00edas detenido. Estaba imputado en varias causas por robo de ganado y delitos conexos en la provincia del Chaco. OFICIO-DE-LIBERTAD-EFECTIVA-OSUNA-RICARDO-ARIEL_en_Expte_4059_2025_1-1 Si bien a\u00fan contin\u00faa procesado en al menos tres &hellip;<\/p>\n","protected":false},"author":2,"featured_media":106183,"comment_status":"open","ping_status":"open","sticky":false,"template":"","format":"standard","meta":{"_jetpack_memberships_contains_paid_content":false,"footnotes":"","jetpack_publicize_message":"","jetpack_publicize_feature_enabled":true,"jetpack_social_post_already_shared":true,"jetpack_social_options":{"image_generator_settings":{"template":"highway","default_image_id":0,"font":"","enabled":false},"version":2}},"categories":[5,50,12],"tags":[],"class_list":["post-107536","post","type-post","status-publish","format-standard","has-post-thumbnail","hentry","category-chaco","category-judiciales","category-ultimo"],"jetpack_publicize_connections":[],"jetpack_featured_media_url":"https:\/\/portalmovil.com.ar\/wp-content\/uploads\/2025\/03\/481082762_122121343190639643_2793698907153408995_n.jpg","jetpack_sharing_enabled":true,"amp_enabled":true,"_links":{"self":[{"href":"https:\/\/portalmovil.com.ar\/index.php\/wp-json\/wp\/v2\/posts\/107536","targetHints":{"allow":["GET"]}}],"collection":[{"href":"https:\/\/portalmovil.com.ar\/index.php\/wp-json\/wp\/v2\/posts"}],"about":[{"href":"https:\/\/portalmovil.com.ar\/index.php\/wp-json\/wp\/v2\/types\/post"}],"author":[{"embeddable":true,"href":"https:\/\/portalmovil.com.ar\/index.php\/wp-json\/wp\/v2\/users\/2"}],"replies":[{"embeddable":true,"href":"https:\/\/portalmovil.com.ar\/index.php\/wp-json\/wp\/v2\/comments?post=107536"}],"version-history":[{"count":1,"href":"https:\/\/portalmovil.com.ar\/index.php\/wp-json\/wp\/v2\/posts\/107536\/revisions"}],"predecessor-version":[{"id":107538,"href":"https:\/\/portalmovil.com.ar\/index.php\/wp-json\/wp\/v2\/posts\/107536\/revisions\/107538"}],"wp:featuredmedia":[{"embeddable":true,"href":"https:\/\/portalmovil.com.ar\/index.php\/wp-json\/wp\/v2\/media\/106183"}],"wp:attachment":[{"href":"https:\/\/portalmovil.com.ar\/index.php\/wp-json\/wp\/v2\/media?parent=107536"}],"wp:term":[{"taxonomy":"category","embeddable":true,"href":"https:\/\/portalmovil.com.ar\/index.php\/wp-json\/wp\/v2\/categories?post=107536"},{"taxonomy":"post_tag","embeddable":true,"href":"https:\/\/portalmovil.com.ar\/index.php\/wp-json\/wp\/v2\/tags?post=107536"}],"curies":[{"name":"wp","href":"https:\/\/api.w.org\/{rel}","templated":true}]}}