{"id":107437,"date":"2025-04-13T11:27:00","date_gmt":"2025-04-13T14:27:00","guid":{"rendered":"https:\/\/portalmovil.com.ar\/?p=107437"},"modified":"2025-04-13T23:29:06","modified_gmt":"2025-04-14T02:29:06","slug":"elecciones-en-santa-fe-gano-maximiliano-pullaro-y-la-libertad-avanza-sufrio-su-primera-derrota-electoral","status":"publish","type":"post","link":"https:\/\/portalmovil.com.ar\/index.php\/2025\/04\/13\/elecciones-en-santa-fe-gano-maximiliano-pullaro-y-la-libertad-avanza-sufrio-su-primera-derrota-electoral\/","title":{"rendered":"Elecciones en Santa Fe: gan\u00f3 Maximiliano Pullaro y La Libertad Avanza sufri\u00f3 su primera derrota electoral"},"content":{"rendered":"\n<p>El Gobernador de la provincia de Santa Fe,\u00a0<a href=\"http:\/\/portal M\u00f3vil 18.html\"><strong>Maximiliano Pullaro<\/strong><\/a>, se impuso\u00a0en la elecci\u00f3n a reformador constituyente en lo que fue la primera contienda electoral del a\u00f1o.\u00a0<\/p>\n\n\n\n<p>La elecci\u00f3n de este domingo es la primera cita del calendario electoral 2025 en&nbsp;Argentina, y marca un hito en la vida institucional de Santa Fe. La contienda electoral tuvo lugar en el marco de un proceso de&nbsp;reforma constitucional&nbsp;que modificar\u00e1&nbsp;aspectos centrales del funcionamiento de la provincia. Entre ellos, la posibilidad de que el Poder Ejecutivo adquiera la posibilidad de reelecci\u00f3n, opci\u00f3n vedada para las provincias de Mendoza y la propia Santa Fe, que prev\u00e9n en sus constituciones un \u00fanico mandato de 4 a\u00f1os.<\/p>\n\n\n\n<p>En la jornada de hoy tambi\u00e9n hubo Primarias, Abiertas, Simult\u00e1neas y Obligatorias (PASO) para cargos municipales y comunales. Adem\u00e1s, se conocer\u00e1 a los candidatos que estar\u00e1n a cargo de&nbsp;la reforma de la Constituci\u00f3n Provincial.&nbsp;Para esto, se elegieron&nbsp;50 convencionales por distrito \u00fanico; y un convencional por cada uno de los 19 departamentos provinciales.&nbsp;Esta votaci\u00f3n ser\u00e1 por \u00fanica vez y sin segunda instancia.<\/p>\n","protected":false},"excerpt":{"rendered":"<p>El Gobernador de la provincia de Santa Fe,\u00a0Maximiliano Pullaro, se impuso\u00a0en la elecci\u00f3n a reformador constituyente en lo que fue la primera contienda electoral del a\u00f1o.\u00a0 La elecci\u00f3n de este domingo es la primera cita del calendario electoral 2025 en&nbsp;Argentina, y marca un hito en la vida institucional de Santa Fe. La contienda electoral tuvo &hellip;<\/p>\n","protected":false},"author":2,"featured_media":107438,"comment_status":"open","ping_status":"open","sticky":false,"template":"","format":"standard","meta":{"_jetpack_memberships_contains_paid_content":false,"footnotes":"","jetpack_publicize_message":"","jetpack_publicize_feature_enabled":true,"jetpack_social_post_already_shared":true,"jetpack_social_options":{"image_generator_settings":{"template":"highway","default_image_id":0,"font":"","enabled":false},"version":2}},"categories":[639,14,12],"tags":[],"class_list":["post-107437","post","type-post","status-publish","format-standard","has-post-thumbnail","hentry","category-argentina","category-politica","category-ultimo"],"jetpack_publicize_connections":[],"jetpack_featured_media_url":"https:\/\/portalmovil.com.ar\/wp-content\/uploads\/2025\/04\/0ngxYOqnQ_1300x655__1.jpg","jetpack_sharing_enabled":true,"amp_enabled":true,"_links":{"self":[{"href":"https:\/\/portalmovil.com.ar\/index.php\/wp-json\/wp\/v2\/posts\/107437","targetHints":{"allow":["GET"]}}],"collection":[{"href":"https:\/\/portalmovil.com.ar\/index.php\/wp-json\/wp\/v2\/posts"}],"about":[{"href":"https:\/\/portalmovil.com.ar\/index.php\/wp-json\/wp\/v2\/types\/post"}],"author":[{"embeddable":true,"href":"https:\/\/portalmovil.com.ar\/index.php\/wp-json\/wp\/v2\/users\/2"}],"replies":[{"embeddable":true,"href":"https:\/\/portalmovil.com.ar\/index.php\/wp-json\/wp\/v2\/comments?post=107437"}],"version-history":[{"count":1,"href":"https:\/\/portalmovil.com.ar\/index.php\/wp-json\/wp\/v2\/posts\/107437\/revisions"}],"predecessor-version":[{"id":107439,"href":"https:\/\/portalmovil.com.ar\/index.php\/wp-json\/wp\/v2\/posts\/107437\/revisions\/107439"}],"wp:featuredmedia":[{"embeddable":true,"href":"https:\/\/portalmovil.com.ar\/index.php\/wp-json\/wp\/v2\/media\/107438"}],"wp:attachment":[{"href":"https:\/\/portalmovil.com.ar\/index.php\/wp-json\/wp\/v2\/media?parent=107437"}],"wp:term":[{"taxonomy":"category","embeddable":true,"href":"https:\/\/portalmovil.com.ar\/index.php\/wp-json\/wp\/v2\/categories?post=107437"},{"taxonomy":"post_tag","embeddable":true,"href":"https:\/\/portalmovil.com.ar\/index.php\/wp-json\/wp\/v2\/tags?post=107437"}],"curies":[{"name":"wp","href":"https:\/\/api.w.org\/{rel}","templated":true}]}}