{"id":107428,"date":"2025-04-13T09:10:00","date_gmt":"2025-04-13T12:10:00","guid":{"rendered":"https:\/\/portalmovil.com.ar\/?p=107428"},"modified":"2025-04-13T21:12:42","modified_gmt":"2025-04-14T00:12:42","slug":"murio-mario-musha-carabajal-lider-del-legendario-grupo-folklorico-los-carabajal","status":"publish","type":"post","link":"https:\/\/portalmovil.com.ar\/index.php\/2025\/04\/13\/murio-mario-musha-carabajal-lider-del-legendario-grupo-folklorico-los-carabajal\/","title":{"rendered":"Muri\u00f3 Mario \u00abMusha\u00bb Carabajal, l\u00edder del legendario grupo folkl\u00f3rico Los Carabajal"},"content":{"rendered":"\n<p>El mundo del folclore argentino recibi\u00f3 este domingo una triste noticia:&nbsp;<strong>Mario \u201cMusha\u201d Carabajal<\/strong>, uno de los pilares del tradicional conjunto santiague\u00f1o Los Carabajal, falleci\u00f3 a los 72 a\u00f1os. El deceso se produjo en un centro de salud de la Ciudad de Buenos Aires, donde el m\u00fasico permanec\u00eda internado desde hac\u00eda algunas semanas.<\/p>\n\n\n\n<p>Su familia, a trav\u00e9s de la cuenta oficial del grupo y de publicaciones en redes sociales, inform\u00f3 con pesar la p\u00e9rdida del artista que hab\u00eda dedicado su vida a la m\u00fasica popular. \u201cCon el coraz\u00f3n lleno de dolor anunciamos la partida de nuestro amado Mario \u2018Musha\u2019 Carabajal\u201d, expresaron desde Los Carabajal, y agregaron: \u201cSu memoria perdurar\u00e1 en nuestra m\u00fasica y en nuestros corazones\u201d.<\/p>\n\n\n\n<p>La esposa del m\u00fasico, Miriam Talone, hab\u00eda compartido d\u00edas atr\u00e1s un mensaje esperanzador en Facebook, en el que detallaba que Musha recib\u00eda atenci\u00f3n de m\u00e9dicos excepcionales y agradec\u00eda el afecto recibido.<\/p>\n","protected":false},"excerpt":{"rendered":"<p>El mundo del folclore argentino recibi\u00f3 este domingo una triste noticia:&nbsp;Mario \u201cMusha\u201d Carabajal, uno de los pilares del tradicional conjunto santiague\u00f1o Los Carabajal, falleci\u00f3 a los 72 a\u00f1os. El deceso se produjo en un centro de salud de la Ciudad de Buenos Aires, donde el m\u00fasico permanec\u00eda internado desde hac\u00eda algunas semanas. Su familia, a &hellip;<\/p>\n","protected":false},"author":2,"featured_media":107429,"comment_status":"open","ping_status":"open","sticky":false,"template":"","format":"standard","meta":{"_jetpack_memberships_contains_paid_content":false,"footnotes":"","jetpack_publicize_message":"","jetpack_publicize_feature_enabled":true,"jetpack_social_post_already_shared":true,"jetpack_social_options":{"image_generator_settings":{"template":"highway","default_image_id":0,"font":"","enabled":false},"version":2}},"categories":[639,12],"tags":[],"class_list":["post-107428","post","type-post","status-publish","format-standard","has-post-thumbnail","hentry","category-argentina","category-ultimo"],"jetpack_publicize_connections":[],"jetpack_featured_media_url":"https:\/\/portalmovil.com.ar\/wp-content\/uploads\/2025\/04\/mario-musha-carabajal.png","jetpack_sharing_enabled":true,"amp_enabled":true,"_links":{"self":[{"href":"https:\/\/portalmovil.com.ar\/index.php\/wp-json\/wp\/v2\/posts\/107428","targetHints":{"allow":["GET"]}}],"collection":[{"href":"https:\/\/portalmovil.com.ar\/index.php\/wp-json\/wp\/v2\/posts"}],"about":[{"href":"https:\/\/portalmovil.com.ar\/index.php\/wp-json\/wp\/v2\/types\/post"}],"author":[{"embeddable":true,"href":"https:\/\/portalmovil.com.ar\/index.php\/wp-json\/wp\/v2\/users\/2"}],"replies":[{"embeddable":true,"href":"https:\/\/portalmovil.com.ar\/index.php\/wp-json\/wp\/v2\/comments?post=107428"}],"version-history":[{"count":1,"href":"https:\/\/portalmovil.com.ar\/index.php\/wp-json\/wp\/v2\/posts\/107428\/revisions"}],"predecessor-version":[{"id":107430,"href":"https:\/\/portalmovil.com.ar\/index.php\/wp-json\/wp\/v2\/posts\/107428\/revisions\/107430"}],"wp:featuredmedia":[{"embeddable":true,"href":"https:\/\/portalmovil.com.ar\/index.php\/wp-json\/wp\/v2\/media\/107429"}],"wp:attachment":[{"href":"https:\/\/portalmovil.com.ar\/index.php\/wp-json\/wp\/v2\/media?parent=107428"}],"wp:term":[{"taxonomy":"category","embeddable":true,"href":"https:\/\/portalmovil.com.ar\/index.php\/wp-json\/wp\/v2\/categories?post=107428"},{"taxonomy":"post_tag","embeddable":true,"href":"https:\/\/portalmovil.com.ar\/index.php\/wp-json\/wp\/v2\/tags?post=107428"}],"curies":[{"name":"wp","href":"https:\/\/api.w.org\/{rel}","templated":true}]}}