{"id":107412,"date":"2025-04-13T10:24:35","date_gmt":"2025-04-13T13:24:35","guid":{"rendered":"https:\/\/portalmovil.com.ar\/?p=107412"},"modified":"2025-04-13T10:24:38","modified_gmt":"2025-04-13T13:24:38","slug":"crimen-en-resistencia-no-pago-su-prestamo-y-lo-mataron-de-un-tiro-en-la-cabeza","status":"publish","type":"post","link":"https:\/\/portalmovil.com.ar\/index.php\/2025\/04\/13\/crimen-en-resistencia-no-pago-su-prestamo-y-lo-mataron-de-un-tiro-en-la-cabeza\/","title":{"rendered":"Crimen en Resistencia: no pag\u00f3 su pr\u00e9stamo y lo mataron de un tiro en la cabeza"},"content":{"rendered":"\n<p>Un joven de 26 a\u00f1os fue asesinado de un disparo en la cabeza en la noche del s\u00e1bado en una vivienda de Villa R\u00edo Negro, en el barrio conocido como La Isla. La v\u00edctima fue identificada como \u00c1ngel Leiva. <\/p>\n\n\n\n<p>Seg\u00fan el parte policial, Leiva fue hallado sin signos vitales junto a una motocicleta, una mochila y dos ca\u00f1os de metal tipo tumbera. <\/p>\n\n\n\n<p>El diagn\u00f3stico m\u00e9dico indic\u00f3 una herida de entrada en el occipital derecho y salida en la zona temporal derecha, producto de un disparo con arma de fuego.<\/p>\n\n\n\n<p>En el operativo se secuestraron un arma de fabricaci\u00f3n casera, una vaina servida calibre 9 mm, tres cartuchos calibre 12 mm \u2014uno de ellos \u00abde gama\u00bb y dos recargados con trozos de plomo\u2014, as\u00ed como cinco celulares y prendas de vestir con posibles rastros del crimen.<\/p>\n\n\n\n<p>La investigaci\u00f3n permiti\u00f3 establecer que el supuesto autor del crimen ser\u00eda ALMIR\u00d3N MOLINA GUSTAVO NADIR, quien habr\u00eda actuado en compa\u00f1\u00eda de su pareja, D.CO. Ambos hab\u00edan mantenido un conflicto econ\u00f3mico con la v\u00edctima: Leiva le deb\u00eda dinero a Almir\u00f3n por un pr\u00e9stamo que no hab\u00eda saldado. Ojeda fue demorada en un operativo en la intersecci\u00f3n de calle \u00c1valos y avenida Martina, donde fue trasladada a prestar declaraci\u00f3n testimonial y se le practic\u00f3 la prueba de dermotest. La mujer qued\u00f3 vinculada a la causa.<\/p>\n\n\n\n<p>Adem\u00e1s, fueron detenidos M.A.A, due\u00f1o de la casa donde ocurri\u00f3 el crimen, y su hijo M.D.A quien seg\u00fan la investigaci\u00f3n habr\u00eda citado a la v\u00edctima al domicilio.<\/p>\n","protected":false},"excerpt":{"rendered":"<p>Un joven de 26 a\u00f1os fue asesinado de un disparo en la cabeza en la noche del s\u00e1bado en una vivienda de Villa R\u00edo Negro, en el barrio conocido como La Isla. La v\u00edctima fue identificada como \u00c1ngel Leiva. Seg\u00fan el parte policial, Leiva fue hallado sin signos vitales junto a una motocicleta, una mochila &hellip;<\/p>\n","protected":false},"author":2,"featured_media":107413,"comment_status":"open","ping_status":"open","sticky":false,"template":"","format":"standard","meta":{"_jetpack_memberships_contains_paid_content":false,"footnotes":"","jetpack_publicize_message":"","jetpack_publicize_feature_enabled":true,"jetpack_social_post_already_shared":true,"jetpack_social_options":{"image_generator_settings":{"template":"highway","default_image_id":0,"font":"","enabled":false},"version":2}},"categories":[5,8],"tags":[],"class_list":["post-107412","post","type-post","status-publish","format-standard","has-post-thumbnail","hentry","category-chaco","category-policiales"],"jetpack_publicize_connections":[],"jetpack_featured_media_url":"https:\/\/portalmovil.com.ar\/wp-content\/uploads\/2025\/04\/7f70f569049e41b4b804f3b99dcd198a-scaled.jpg","jetpack_sharing_enabled":true,"amp_enabled":true,"_links":{"self":[{"href":"https:\/\/portalmovil.com.ar\/index.php\/wp-json\/wp\/v2\/posts\/107412","targetHints":{"allow":["GET"]}}],"collection":[{"href":"https:\/\/portalmovil.com.ar\/index.php\/wp-json\/wp\/v2\/posts"}],"about":[{"href":"https:\/\/portalmovil.com.ar\/index.php\/wp-json\/wp\/v2\/types\/post"}],"author":[{"embeddable":true,"href":"https:\/\/portalmovil.com.ar\/index.php\/wp-json\/wp\/v2\/users\/2"}],"replies":[{"embeddable":true,"href":"https:\/\/portalmovil.com.ar\/index.php\/wp-json\/wp\/v2\/comments?post=107412"}],"version-history":[{"count":1,"href":"https:\/\/portalmovil.com.ar\/index.php\/wp-json\/wp\/v2\/posts\/107412\/revisions"}],"predecessor-version":[{"id":107414,"href":"https:\/\/portalmovil.com.ar\/index.php\/wp-json\/wp\/v2\/posts\/107412\/revisions\/107414"}],"wp:featuredmedia":[{"embeddable":true,"href":"https:\/\/portalmovil.com.ar\/index.php\/wp-json\/wp\/v2\/media\/107413"}],"wp:attachment":[{"href":"https:\/\/portalmovil.com.ar\/index.php\/wp-json\/wp\/v2\/media?parent=107412"}],"wp:term":[{"taxonomy":"category","embeddable":true,"href":"https:\/\/portalmovil.com.ar\/index.php\/wp-json\/wp\/v2\/categories?post=107412"},{"taxonomy":"post_tag","embeddable":true,"href":"https:\/\/portalmovil.com.ar\/index.php\/wp-json\/wp\/v2\/tags?post=107412"}],"curies":[{"name":"wp","href":"https:\/\/api.w.org\/{rel}","templated":true}]}}