{"id":107287,"date":"2025-04-09T21:31:27","date_gmt":"2025-04-10T00:31:27","guid":{"rendered":"https:\/\/portalmovil.com.ar\/?p=107287"},"modified":"2025-04-09T21:31:30","modified_gmt":"2025-04-10T00:31:30","slug":"guillermo-moreno-seria-extraordinario-que-victoria-villarruel-se-afilie-al-peronismo","status":"publish","type":"post","link":"https:\/\/portalmovil.com.ar\/index.php\/2025\/04\/09\/guillermo-moreno-seria-extraordinario-que-victoria-villarruel-se-afilie-al-peronismo\/","title":{"rendered":"Guillermo Moreno: \u00abSer\u00eda extraordinario que Victoria Villarruel se afilie al peronismo\u00bb"},"content":{"rendered":"\n<p>El exsecretario de Comercio,&nbsp;<strong><a href=\"http:\/\/Portal M\u00f3vil\" target=\"_blank\" rel=\"noreferrer noopener\">Guillermo Moreno<\/a><\/strong>, sorprendi\u00f3 este lunes al sostener que el peronismo no deber\u00eda excluir a&nbsp;<strong><a href=\"http:\/\/PORTAL M\u00f3vil\" target=\"_blank\" rel=\"noreferrer noopener\">Victoria Villarruel<\/a><\/strong>, sino intentar sumarla a sus filas. \u00abVos ten\u00e9s que peronizar hasta las piedras y no segregar\u00bb, coment\u00f3 Moreno al considerar que ser\u00eda un error cerrarle las puertas a la actual vicepresidenta por su pasado vinculado a la defensa de represores.<\/p>\n\n\n\n<p>\u00abVictoria Villarruel no tortur\u00f3 a nadie, fijate lo bueno que hubiese sido si Villarruel se afiliara al peronismo. Hay que convencer y predicar, no puede ser que est\u00e9n diciendo que una piba de 49 a\u00f1os fue torturadora\u00bb, insisti\u00f3 Moreno, en una entrevista para Blender en la que cuestion\u00f3 las posturas de algunos sectores del kirchnerismo y plante\u00f3 la necesidad de ampliar el movimiento.<\/p>\n\n\n\n<figure class=\"wp-block-embed is-type-rich is-provider-twitter wp-block-embed-twitter\"><div class=\"wp-block-embed__wrapper\">\n<div class=\"embed-twitter\"><blockquote class=\"twitter-tweet\" data-width=\"500\" data-dnt=\"true\"><p lang=\"es\" dir=\"ltr\">\u201cKicillof es un globalizador igual que Santoro, el problema es Cristina\u201d<br><br>Guillermo Moreno en <a href=\"https:\/\/twitter.com\/hashtag\/EscuchoOfertas?src=hash&amp;ref_src=twsrc%5Etfw\">#EscuchoOfertas<\/a> <a href=\"https:\/\/t.co\/2l0lWFChay\">pic.twitter.com\/2l0lWFChay<\/a><\/p>&mdash; BLENDER (@estoesblender) <a href=\"https:\/\/twitter.com\/estoesblender\/status\/1909982909907276159?ref_src=twsrc%5Etfw\">April 9, 2025<\/a><\/blockquote><script async src=\"https:\/\/platform.twitter.com\/widgets.js\" charset=\"utf-8\"><\/script><\/div>\n<\/div><\/figure>\n","protected":false},"excerpt":{"rendered":"<p>El exsecretario de Comercio,&nbsp;Guillermo Moreno, sorprendi\u00f3 este lunes al sostener que el peronismo no deber\u00eda excluir a&nbsp;Victoria Villarruel, sino intentar sumarla a sus filas. \u00abVos ten\u00e9s que peronizar hasta las piedras y no segregar\u00bb, coment\u00f3 Moreno al considerar que ser\u00eda un error cerrarle las puertas a la actual vicepresidenta por su pasado vinculado a la &hellip;<\/p>\n","protected":false},"author":2,"featured_media":107288,"comment_status":"open","ping_status":"open","sticky":false,"template":"","format":"standard","meta":{"_jetpack_memberships_contains_paid_content":false,"footnotes":"","jetpack_publicize_message":"","jetpack_publicize_feature_enabled":true,"jetpack_social_post_already_shared":true,"jetpack_social_options":{"image_generator_settings":{"template":"highway","default_image_id":0,"font":"","enabled":false},"version":2}},"categories":[639,14],"tags":[],"class_list":["post-107287","post","type-post","status-publish","format-standard","has-post-thumbnail","hentry","category-argentina","category-politica"],"jetpack_publicize_connections":[],"jetpack_featured_media_url":"https:\/\/portalmovil.com.ar\/wp-content\/uploads\/2025\/04\/moreno.jpg","jetpack_sharing_enabled":true,"amp_enabled":true,"_links":{"self":[{"href":"https:\/\/portalmovil.com.ar\/index.php\/wp-json\/wp\/v2\/posts\/107287","targetHints":{"allow":["GET"]}}],"collection":[{"href":"https:\/\/portalmovil.com.ar\/index.php\/wp-json\/wp\/v2\/posts"}],"about":[{"href":"https:\/\/portalmovil.com.ar\/index.php\/wp-json\/wp\/v2\/types\/post"}],"author":[{"embeddable":true,"href":"https:\/\/portalmovil.com.ar\/index.php\/wp-json\/wp\/v2\/users\/2"}],"replies":[{"embeddable":true,"href":"https:\/\/portalmovil.com.ar\/index.php\/wp-json\/wp\/v2\/comments?post=107287"}],"version-history":[{"count":1,"href":"https:\/\/portalmovil.com.ar\/index.php\/wp-json\/wp\/v2\/posts\/107287\/revisions"}],"predecessor-version":[{"id":107289,"href":"https:\/\/portalmovil.com.ar\/index.php\/wp-json\/wp\/v2\/posts\/107287\/revisions\/107289"}],"wp:featuredmedia":[{"embeddable":true,"href":"https:\/\/portalmovil.com.ar\/index.php\/wp-json\/wp\/v2\/media\/107288"}],"wp:attachment":[{"href":"https:\/\/portalmovil.com.ar\/index.php\/wp-json\/wp\/v2\/media?parent=107287"}],"wp:term":[{"taxonomy":"category","embeddable":true,"href":"https:\/\/portalmovil.com.ar\/index.php\/wp-json\/wp\/v2\/categories?post=107287"},{"taxonomy":"post_tag","embeddable":true,"href":"https:\/\/portalmovil.com.ar\/index.php\/wp-json\/wp\/v2\/tags?post=107287"}],"curies":[{"name":"wp","href":"https:\/\/api.w.org\/{rel}","templated":true}]}}