{"id":107036,"date":"2025-04-02T09:46:00","date_gmt":"2025-04-02T12:46:00","guid":{"rendered":"https:\/\/portalmovil.com.ar\/?p=107036"},"modified":"2025-04-02T21:49:00","modified_gmt":"2025-04-03T00:49:00","slug":"milei-en-el-homenaje-a-los-heroes-de-malvinas-un-pais-soberano-debe-ser-primero-un-pais-prospero","status":"publish","type":"post","link":"https:\/\/portalmovil.com.ar\/index.php\/2025\/04\/02\/milei-en-el-homenaje-a-los-heroes-de-malvinas-un-pais-soberano-debe-ser-primero-un-pais-prospero\/","title":{"rendered":"Milei en el homenaje a los H\u00e9roes de Malvinas: \u201cUn pa\u00eds soberano debe ser primero un pa\u00eds pr\u00f3spero\u201d"},"content":{"rendered":"\n<p>El presidente de la Naci\u00f3n, Javier Milei, realiz\u00f3 el acto por el \u2018D\u00eda del Veterano y de los Ca\u00eddos en la Guerra de Malvinas\u2019, con la presencia de la ministra de Seguridad Nacional, Patricia Bullrich, y la ausencia de la vicepresidenta Victoria Villarruel y manifest\u00f3 que \u201c<em>un pa\u00eds soberano debe ser primero un pa\u00eds pr\u00f3spero<\/em>\u201c.<\/p>\n\n\n\n<p>En la Plaza San Mart\u00edn del barrio de Retiro y junto al jefe de Gobierno Jorge Macri; el presidente de la C\u00e1mara de Diputados de la Naci\u00f3n, Mart\u00edn Menem y el ministro de Defensa, Luis Petri, Milei record\u00f3 \u201c<em>a esos h\u00e9roes que dieron su vida por la Patria<\/em>\u201d.<\/p>\n\n\n\n<p>Asimismo, reafirm\u00f3 el pedido de la soberan\u00eda de las Islas Malvinas y que debe hacerlo un gobierno que no sea \u201c<em>corrupto<\/em>\u201d ni que haga alianzas \u201c<em>con dictadores<\/em>\u201d &nbsp;porque el reclamo es&nbsp;<em>\u201cpoco serio<\/em>\u201d.<\/p>\n\n\n\n<p>\u201c<em>Tenemos que levantarnos como pa\u00eds en todo sentido, aplicando las ideas de la libertad y con una pol\u00edtica alineada a las naciones libres. Tiene que ser un pa\u00eds pr\u00f3spero. Es en vano si no se ordena el gasto p\u00fablico y se eliminan aquellas dependencias que sobran<\/em>\u201d, manifest\u00f3 el mandatario.<\/p>\n\n\n\n<p>En la misma l\u00ednea, indic\u00f3 que \u201c<em>se trata, ni m\u00e1s ni menos, que de saldar una deuda con estos h\u00e9roes\u201d<\/em>&nbsp;que lleva 43 a\u00f1os siendo \u201c<em>sistem\u00e1ticamente &nbsp;ignorada por sucesivos gobiernos\u201d<\/em>&nbsp;y que, desde su gesti\u00f3n pretenden \u201c<em>rectificar de una vez por todas\u201d.<\/em><\/p>\n\n\n\n<p>\u201c<em>La soberan\u00eda no es que el Estado tenga muchas empresas, ni que financie la industria cinematogr\u00e1fica, ni recitales de cuartas, ni cosas semejantes. Creer que a mayor Estado, mayor soberan\u00eda es un concepto, bajo el cual la pol\u00edtica ha pretendido ocultar sus negocios sucios y cuyo resultado es un pueblo pobre y esclavo de un Estado omnipresente\u201d,<\/em>&nbsp;expres\u00f3.<\/p>\n\n\n\n<p>Por otra parte, el presidente remarc\u00f3 que&nbsp; \u201c<em>un pueblo soberano es un pueblo floreciente, pujante, respetable<\/em>\u201d pero, sobre todo, \u201c<em>orgulloso de sus Fuerzas Armadas<\/em>\u201d: \u201c<em>Una naci\u00f3n como la que supo levantar la generaci\u00f3n del 80 y que tras un siglo de humillaci\u00f3n estamos reconstruyendo<\/em>\u201d, a\u00f1adi\u00f3.<\/p>\n\n\n\n<p>Paralelamente, remarc\u00f3 que&nbsp;<em>\u201cno vinieron a aplicar recetas extravagantes\u201d,&nbsp;<\/em>sino a retomar \u201c<em>las f\u00f3rmulas que supieron hacernos exitosos\u201d&nbsp;<\/em>y&nbsp; que, por ese mismo motivo, desde su Gobierno, emprendieron un camino \u201c<em>liberador que estamos transitando\u201d.<\/em><\/p>\n\n\n\n<p>\u201c<em>Para que Argentina sea el pa\u00eds m\u00e1s libre del mundo y vuelva a tener el PIB per c\u00e1pita m\u00e1s alto del planeta y que todos los ciudadanos del mundo fantaseen con el sue\u00f1o argentino. Eso es lo que este gobierno entiende por soberan\u00eda. Es la vara con la que nos medimos y no nos conformamos con menos. En este segundo 2 de abril que me toca como presidente, quiero volver a insistir en nuestro reclamo inclaudicable por las Islas Malvinas, reforzando el compromiso de agotar todos los recursos diplom\u00e1ticos a nuestro alcance para que vuelvan a manos argentinas. Finalmente, a los veteranos, a sus familias y a todos quienes &nbsp;visten un uniforme en defensa de la patria, les reitero mi eterno agradecimiento en nombre de todos los argentinos\u201d,<\/em>&nbsp;concluy\u00f3<\/p>\n","protected":false},"excerpt":{"rendered":"<p>El presidente de la Naci\u00f3n, Javier Milei, realiz\u00f3 el acto por el \u2018D\u00eda del Veterano y de los Ca\u00eddos en la Guerra de Malvinas\u2019, con la presencia de la ministra de Seguridad Nacional, Patricia Bullrich, y la ausencia de la vicepresidenta Victoria Villarruel y manifest\u00f3 que \u201cun pa\u00eds soberano debe ser primero un pa\u00eds pr\u00f3spero\u201c. &hellip;<\/p>\n","protected":false},"author":2,"featured_media":107037,"comment_status":"open","ping_status":"open","sticky":false,"template":"","format":"standard","meta":{"_jetpack_memberships_contains_paid_content":false,"footnotes":"","jetpack_publicize_message":"","jetpack_publicize_feature_enabled":true,"jetpack_social_post_already_shared":true,"jetpack_social_options":{"image_generator_settings":{"template":"highway","default_image_id":0,"font":"","enabled":false},"version":2}},"categories":[639,14,12],"tags":[],"class_list":["post-107036","post","type-post","status-publish","format-standard","has-post-thumbnail","hentry","category-argentina","category-politica","category-ultimo"],"jetpack_publicize_connections":[],"jetpack_featured_media_url":"https:\/\/portalmovil.com.ar\/wp-content\/uploads\/2025\/04\/multimedia.normal.944fb7097b35298e.bm9ybWFsLndlYnA.webp","jetpack_sharing_enabled":true,"amp_enabled":true,"_links":{"self":[{"href":"https:\/\/portalmovil.com.ar\/index.php\/wp-json\/wp\/v2\/posts\/107036","targetHints":{"allow":["GET"]}}],"collection":[{"href":"https:\/\/portalmovil.com.ar\/index.php\/wp-json\/wp\/v2\/posts"}],"about":[{"href":"https:\/\/portalmovil.com.ar\/index.php\/wp-json\/wp\/v2\/types\/post"}],"author":[{"embeddable":true,"href":"https:\/\/portalmovil.com.ar\/index.php\/wp-json\/wp\/v2\/users\/2"}],"replies":[{"embeddable":true,"href":"https:\/\/portalmovil.com.ar\/index.php\/wp-json\/wp\/v2\/comments?post=107036"}],"version-history":[{"count":1,"href":"https:\/\/portalmovil.com.ar\/index.php\/wp-json\/wp\/v2\/posts\/107036\/revisions"}],"predecessor-version":[{"id":107038,"href":"https:\/\/portalmovil.com.ar\/index.php\/wp-json\/wp\/v2\/posts\/107036\/revisions\/107038"}],"wp:featuredmedia":[{"embeddable":true,"href":"https:\/\/portalmovil.com.ar\/index.php\/wp-json\/wp\/v2\/media\/107037"}],"wp:attachment":[{"href":"https:\/\/portalmovil.com.ar\/index.php\/wp-json\/wp\/v2\/media?parent=107036"}],"wp:term":[{"taxonomy":"category","embeddable":true,"href":"https:\/\/portalmovil.com.ar\/index.php\/wp-json\/wp\/v2\/categories?post=107036"},{"taxonomy":"post_tag","embeddable":true,"href":"https:\/\/portalmovil.com.ar\/index.php\/wp-json\/wp\/v2\/tags?post=107036"}],"curies":[{"name":"wp","href":"https:\/\/api.w.org\/{rel}","templated":true}]}}