{"id":106898,"date":"2025-03-27T18:24:19","date_gmt":"2025-03-27T21:24:19","guid":{"rendered":"https:\/\/portalmovil.com.ar\/?p=106898"},"modified":"2025-03-27T18:24:21","modified_gmt":"2025-03-27T21:24:21","slug":"un-policia-retirado-violaba-a-una-menor-de-5-anos-en-barranqueras","status":"publish","type":"post","link":"https:\/\/portalmovil.com.ar\/index.php\/2025\/03\/27\/un-policia-retirado-violaba-a-una-menor-de-5-anos-en-barranqueras\/","title":{"rendered":"Un polic\u00eda retirado violaba a una menor de 5 a\u00f1os en Barranqueras"},"content":{"rendered":"\n<p>Un hombre de 71 a\u00f1os qued\u00f3 detenido por una causa de abuso sexual infantil en la localidad de Barranqueras. La damnificada, una ni\u00f1a de cinco a\u00f1os, relat\u00f3 los hechos a su docente al pedir en reiteradas ocasiones para ir al ba\u00f1o. <\/p>\n\n\n\n<p>La aprehensi\u00f3n que fue realizada ayer por la tarde fue dictada por la fiscal del caso, posterior a los estudios m\u00e9dicos realizados a la menor.\u00a0Seg\u00fan la informaci\u00f3n brindada por la Polic\u00eda, el martes 25 de marzo, una madre de 38 a\u00f1os se hizo presente en la Comisar\u00eda Segunda de Barranqueras y denunci\u00f3 que su hija menor de cinco a\u00f1os habr\u00eda sido v\u00edctima de un abuso sexual Infantil por un hombre de 70 a\u00f1os quien ser\u00eda un polic\u00eda retirado. Ante ello, la fuerza despleg\u00f3 todo el protocolo vigente para salvaguardar a la ni\u00f1a.<\/p>\n\n\n\n<p>En su descargo, la mujer plante\u00f3 que recibi\u00f3 el llamado de una docente que ped\u00eda hablar urgente con ella. Tras esa comunicaci\u00f3n, la madre se hizo presente en el colegio y la maestra le explic\u00f3 que la hija ped\u00eda en reiteradas ocasiones para ir al ba\u00f1o, motivo por lo que le pregunt\u00f3 si pasaba algo a lo que la menor le dijo que un vecino le toc\u00f3 sus partes \u00edntimas.\u00a0<\/p>\n\n\n\n<p>Asimismo, hizo saber a la fuerza que la menor no brind\u00f3 mayor informaci\u00f3n que esa y que habr\u00eda ocurrido cuando iba a comprar a un kiosco cercano a su domicilio. Por ese motivo, dej\u00f3 constancia de lo sucedido y solicit\u00f3 la medida de prohibici\u00f3n de acercamiento del hombre para con la ni\u00f1a.\u00a0<\/p>\n\n\n\n<p>Posterior a la revisi\u00f3n m\u00e9dica de la menor, se dio la intervenci\u00f3n al 102, y luego qued\u00f3 una noche completa en el IMFIC donde brindaron un diagn\u00f3stico reservado a la fiscal\u00eda N\u00b0 3 a cargo de Rosana Soto.\u00a0<\/p>\n\n\n\n<p>Finalmente, ayer por la tarde, el hombre acusado de abusar de la ni\u00f1a se hizo presente en la Comisar\u00eda Segunda para denunciar que la madre de la menor se hizo presente en su domicilio, junto a un grupo de personas, para expulsarlo del barrio. <\/p>\n\n\n\n<p>La Polic\u00eda al constatar que se trataba de la persona denunciada procedieron a su detenci\u00f3n conforme la orden dictada por el fiscal y luego lo trasladaron a la Comisar\u00eda de Fontana.\u00a0<\/p>\n","protected":false},"excerpt":{"rendered":"<p>Un hombre de 71 a\u00f1os qued\u00f3 detenido por una causa de abuso sexual infantil en la localidad de Barranqueras. La damnificada, una ni\u00f1a de cinco a\u00f1os, relat\u00f3 los hechos a su docente al pedir en reiteradas ocasiones para ir al ba\u00f1o. La aprehensi\u00f3n que fue realizada ayer por la tarde fue dictada por la fiscal &hellip;<\/p>\n","protected":false},"author":2,"featured_media":106625,"comment_status":"open","ping_status":"open","sticky":false,"template":"","format":"standard","meta":{"_jetpack_memberships_contains_paid_content":false,"footnotes":"","jetpack_publicize_message":"","jetpack_publicize_feature_enabled":true,"jetpack_social_post_already_shared":true,"jetpack_social_options":{"image_generator_settings":{"template":"highway","default_image_id":0,"font":"","enabled":false},"version":2}},"categories":[5,8],"tags":[],"class_list":["post-106898","post","type-post","status-publish","format-standard","has-post-thumbnail","hentry","category-chaco","category-policiales"],"jetpack_publicize_connections":[],"jetpack_featured_media_url":"https:\/\/portalmovil.com.ar\/wp-content\/uploads\/2025\/03\/IMG-20250319-WA0019.jpg","jetpack_sharing_enabled":true,"amp_enabled":true,"_links":{"self":[{"href":"https:\/\/portalmovil.com.ar\/index.php\/wp-json\/wp\/v2\/posts\/106898","targetHints":{"allow":["GET"]}}],"collection":[{"href":"https:\/\/portalmovil.com.ar\/index.php\/wp-json\/wp\/v2\/posts"}],"about":[{"href":"https:\/\/portalmovil.com.ar\/index.php\/wp-json\/wp\/v2\/types\/post"}],"author":[{"embeddable":true,"href":"https:\/\/portalmovil.com.ar\/index.php\/wp-json\/wp\/v2\/users\/2"}],"replies":[{"embeddable":true,"href":"https:\/\/portalmovil.com.ar\/index.php\/wp-json\/wp\/v2\/comments?post=106898"}],"version-history":[{"count":1,"href":"https:\/\/portalmovil.com.ar\/index.php\/wp-json\/wp\/v2\/posts\/106898\/revisions"}],"predecessor-version":[{"id":106899,"href":"https:\/\/portalmovil.com.ar\/index.php\/wp-json\/wp\/v2\/posts\/106898\/revisions\/106899"}],"wp:featuredmedia":[{"embeddable":true,"href":"https:\/\/portalmovil.com.ar\/index.php\/wp-json\/wp\/v2\/media\/106625"}],"wp:attachment":[{"href":"https:\/\/portalmovil.com.ar\/index.php\/wp-json\/wp\/v2\/media?parent=106898"}],"wp:term":[{"taxonomy":"category","embeddable":true,"href":"https:\/\/portalmovil.com.ar\/index.php\/wp-json\/wp\/v2\/categories?post=106898"},{"taxonomy":"post_tag","embeddable":true,"href":"https:\/\/portalmovil.com.ar\/index.php\/wp-json\/wp\/v2\/tags?post=106898"}],"curies":[{"name":"wp","href":"https:\/\/api.w.org\/{rel}","templated":true}]}}