{"id":106478,"date":"2025-03-14T15:22:32","date_gmt":"2025-03-14T18:22:32","guid":{"rendered":"https:\/\/portalmovil.com.ar\/?p=106478"},"modified":"2025-03-14T15:22:34","modified_gmt":"2025-03-14T18:22:34","slug":"la-justicia-federal-secuestro-la-camioneta-que-fue-utilizada-para-trasladar-a-cecilia","status":"publish","type":"post","link":"https:\/\/portalmovil.com.ar\/index.php\/2025\/03\/14\/la-justicia-federal-secuestro-la-camioneta-que-fue-utilizada-para-trasladar-a-cecilia\/","title":{"rendered":"La Justicia Federal secuestr\u00f3 la camioneta que fue utilizada para trasladar a Cecilia"},"content":{"rendered":"\n<p>Efectivos policiales secuestraron una camioneta, propiedad de los Sena. El operativo estuvo a cargo de integrantes de la Divisi\u00f3n de Delitos Econ\u00f3micos y Leyes Especiales, quienes incautaron una Toyota Hilux, la cual fue puesta a disposici\u00f3n del Juzgado Federal de Primera Instancia N\u00b0 2.<\/p>\n\n\n\n<p>La operaci\u00f3n se realiz\u00f3 a partir de la solicitud del juzgado, lo que deriv\u00f3 en una investigaci\u00f3n por parte de los agentes de la fuerza provincial para encontrar la camioneta, que estaba a cargo de C\u00e9sar Sena y Marcela Acu\u00f1a, implicados en el caso por el crimen de Cecilia Strzyzowski.<\/p>\n\n\n\n<p>Los uniformados llegaron hasta el predio de Sala de Armas del Poder Judicial, donde se encontraba el veh\u00edculo a resguardo por estar relacionado al femicidio. \u00abSe instruyeron las actuaciones y se labr\u00f3 acta de secuestro. El bien fue puesto ante la justicia federal para las diligencias posteriores\u00bb, informaron desde la Polic\u00eda.<\/p>\n","protected":false},"excerpt":{"rendered":"<p>Efectivos policiales secuestraron una camioneta, propiedad de los Sena. El operativo estuvo a cargo de integrantes de la Divisi\u00f3n de Delitos Econ\u00f3micos y Leyes Especiales, quienes incautaron una Toyota Hilux, la cual fue puesta a disposici\u00f3n del Juzgado Federal de Primera Instancia N\u00b0 2. La operaci\u00f3n se realiz\u00f3 a partir de la solicitud del juzgado, &hellip;<\/p>\n","protected":false},"author":2,"featured_media":106479,"comment_status":"open","ping_status":"open","sticky":false,"template":"","format":"standard","meta":{"_jetpack_memberships_contains_paid_content":false,"footnotes":"","jetpack_publicize_message":"","jetpack_publicize_feature_enabled":true,"jetpack_social_post_already_shared":true,"jetpack_social_options":{"image_generator_settings":{"template":"highway","default_image_id":0,"font":"","enabled":false},"version":2}},"categories":[5,8],"tags":[],"class_list":["post-106478","post","type-post","status-publish","format-standard","has-post-thumbnail","hentry","category-chaco","category-policiales"],"jetpack_publicize_connections":[],"jetpack_featured_media_url":"https:\/\/portalmovil.com.ar\/wp-content\/uploads\/2025\/03\/631104w480h360c.jpg.webp","jetpack_sharing_enabled":true,"amp_enabled":true,"_links":{"self":[{"href":"https:\/\/portalmovil.com.ar\/index.php\/wp-json\/wp\/v2\/posts\/106478","targetHints":{"allow":["GET"]}}],"collection":[{"href":"https:\/\/portalmovil.com.ar\/index.php\/wp-json\/wp\/v2\/posts"}],"about":[{"href":"https:\/\/portalmovil.com.ar\/index.php\/wp-json\/wp\/v2\/types\/post"}],"author":[{"embeddable":true,"href":"https:\/\/portalmovil.com.ar\/index.php\/wp-json\/wp\/v2\/users\/2"}],"replies":[{"embeddable":true,"href":"https:\/\/portalmovil.com.ar\/index.php\/wp-json\/wp\/v2\/comments?post=106478"}],"version-history":[{"count":1,"href":"https:\/\/portalmovil.com.ar\/index.php\/wp-json\/wp\/v2\/posts\/106478\/revisions"}],"predecessor-version":[{"id":106480,"href":"https:\/\/portalmovil.com.ar\/index.php\/wp-json\/wp\/v2\/posts\/106478\/revisions\/106480"}],"wp:featuredmedia":[{"embeddable":true,"href":"https:\/\/portalmovil.com.ar\/index.php\/wp-json\/wp\/v2\/media\/106479"}],"wp:attachment":[{"href":"https:\/\/portalmovil.com.ar\/index.php\/wp-json\/wp\/v2\/media?parent=106478"}],"wp:term":[{"taxonomy":"category","embeddable":true,"href":"https:\/\/portalmovil.com.ar\/index.php\/wp-json\/wp\/v2\/categories?post=106478"},{"taxonomy":"post_tag","embeddable":true,"href":"https:\/\/portalmovil.com.ar\/index.php\/wp-json\/wp\/v2\/tags?post=106478"}],"curies":[{"name":"wp","href":"https:\/\/api.w.org\/{rel}","templated":true}]}}