{"id":106394,"date":"2025-03-12T09:15:21","date_gmt":"2025-03-12T12:15:21","guid":{"rendered":"https:\/\/portalmovil.com.ar\/?p=106394"},"modified":"2025-03-12T09:15:23","modified_gmt":"2025-03-12T12:15:23","slug":"buscan-en-barranqueras-a-los-culpables-de-robar-y-faenar-un-potrillo","status":"publish","type":"post","link":"https:\/\/portalmovil.com.ar\/index.php\/2025\/03\/12\/buscan-en-barranqueras-a-los-culpables-de-robar-y-faenar-un-potrillo\/","title":{"rendered":"Buscan en Barranqueras a los culpables de robar y faenar un potrillo"},"content":{"rendered":"\n<p>Efectivos de Grupo Motorizado, Departamento de Infanter\u00eda, tomaron conocimiento sobre d\u00f3nde se encontrar\u00edan los supuestos actores del hecho delictivo: el robo de un caballo, de nombre \u00abAlfons\u00edn\u00bb, que luego result\u00f3 faenado por los mismos.\u00a0<\/p>\n\n\n\n<p>La Polic\u00eda se dirigi\u00f3 a Fort\u00edn Los Pozos al 5.000 aproximadamente, en Barranqueras. Al llegar, realiz\u00f3 una recorrida por las diferentes calles y sectores del Barrio Los Milagros, con el fin de encontrar a los pr\u00f3fugos, presuntos ladrones y asesinos del equino, identificados como \u00abMacu\u00bb Leites y \u00abGusa\u00bb S\u00e1nchez.\u00a0<\/p>\n","protected":false},"excerpt":{"rendered":"<p>Efectivos de Grupo Motorizado, Departamento de Infanter\u00eda, tomaron conocimiento sobre d\u00f3nde se encontrar\u00edan los supuestos actores del hecho delictivo: el robo de un caballo, de nombre \u00abAlfons\u00edn\u00bb, que luego result\u00f3 faenado por los mismos.\u00a0 La Polic\u00eda se dirigi\u00f3 a Fort\u00edn Los Pozos al 5.000 aproximadamente, en Barranqueras. Al llegar, realiz\u00f3 una recorrida por las diferentes &hellip;<\/p>\n","protected":false},"author":2,"featured_media":106395,"comment_status":"open","ping_status":"open","sticky":false,"template":"","format":"standard","meta":{"_jetpack_memberships_contains_paid_content":false,"footnotes":"","jetpack_publicize_message":"","jetpack_publicize_feature_enabled":true,"jetpack_social_post_already_shared":true,"jetpack_social_options":{"image_generator_settings":{"template":"highway","default_image_id":0,"font":"","enabled":false},"version":2}},"categories":[5,8],"tags":[],"class_list":["post-106394","post","type-post","status-publish","format-standard","has-post-thumbnail","hentry","category-chaco","category-policiales"],"jetpack_publicize_connections":[],"jetpack_featured_media_url":"https:\/\/portalmovil.com.ar\/wp-content\/uploads\/2025\/03\/1741654683072.jpg","jetpack_sharing_enabled":true,"amp_enabled":true,"_links":{"self":[{"href":"https:\/\/portalmovil.com.ar\/index.php\/wp-json\/wp\/v2\/posts\/106394","targetHints":{"allow":["GET"]}}],"collection":[{"href":"https:\/\/portalmovil.com.ar\/index.php\/wp-json\/wp\/v2\/posts"}],"about":[{"href":"https:\/\/portalmovil.com.ar\/index.php\/wp-json\/wp\/v2\/types\/post"}],"author":[{"embeddable":true,"href":"https:\/\/portalmovil.com.ar\/index.php\/wp-json\/wp\/v2\/users\/2"}],"replies":[{"embeddable":true,"href":"https:\/\/portalmovil.com.ar\/index.php\/wp-json\/wp\/v2\/comments?post=106394"}],"version-history":[{"count":1,"href":"https:\/\/portalmovil.com.ar\/index.php\/wp-json\/wp\/v2\/posts\/106394\/revisions"}],"predecessor-version":[{"id":106396,"href":"https:\/\/portalmovil.com.ar\/index.php\/wp-json\/wp\/v2\/posts\/106394\/revisions\/106396"}],"wp:featuredmedia":[{"embeddable":true,"href":"https:\/\/portalmovil.com.ar\/index.php\/wp-json\/wp\/v2\/media\/106395"}],"wp:attachment":[{"href":"https:\/\/portalmovil.com.ar\/index.php\/wp-json\/wp\/v2\/media?parent=106394"}],"wp:term":[{"taxonomy":"category","embeddable":true,"href":"https:\/\/portalmovil.com.ar\/index.php\/wp-json\/wp\/v2\/categories?post=106394"},{"taxonomy":"post_tag","embeddable":true,"href":"https:\/\/portalmovil.com.ar\/index.php\/wp-json\/wp\/v2\/tags?post=106394"}],"curies":[{"name":"wp","href":"https:\/\/api.w.org\/{rel}","templated":true}]}}