{"id":106341,"date":"2025-03-10T15:05:18","date_gmt":"2025-03-10T18:05:18","guid":{"rendered":"https:\/\/portalmovil.com.ar\/?p=106341"},"modified":"2025-03-10T15:05:21","modified_gmt":"2025-03-10T18:05:21","slug":"este-viernes-completan-el-pago-de-programas-provinciales","status":"publish","type":"post","link":"https:\/\/portalmovil.com.ar\/index.php\/2025\/03\/10\/este-viernes-completan-el-pago-de-programas-provinciales\/","title":{"rendered":"Este viernes, completan el pago de programas provinciales"},"content":{"rendered":"\n<p>El Gobierno provincial, a trav\u00e9s del Ministerio de Hacienda y Finanzas, inform\u00f3 el cronograma de pagos de los programas provinciales, que comenzaron a abonarse desde el viernes 7 de marzo a todos los beneficiarios de la Provincia.<\/p>\n\n\n\n<p><br>Los pagos de los programas provinciales finalizar\u00e1n esta semana, luego de haberse abonado el viernes 7 de marzo para beneficiarios de Pueblos Originarios y Expertos, ambos dependientes del Ministerio de Salud del Chaco.<\/p>\n\n\n\n<p><br>Asimismo, desde la cartera que conduce Alejandro Abraam, detallaron que los beneficiarios del Servicio de Mantenimiento de Establecimientos Educativos, dependiente del Ministerio de Educaci\u00f3n, cobrar\u00e1n el jueves 13 del corriente mes.<\/p>\n\n\n\n<p><br>En tanto, el viernes 14 de este mes, continuar\u00e1 el cronograma con el pago de M\u00e1s Inclusi\u00f3n, dependiente del Ministerio de Desarrollo Humano. Este mismo d\u00eda se abonar\u00e1 Renta M\u00ednima Progresiva \u2013tambi\u00e9n dependiente del Ministerio de Desarrollo Humano. Del mismo modo, los becados del programa de reconversi\u00f3n laboral Canillitas (tambi\u00e9n bajo la \u00f3rbita de Desarrollo Humano) cobrar\u00e1n el viernes 14 de marzo.<\/p>\n\n\n\n<p><br>Los salarios se depositar\u00e1n en las cuentas del Nuevo Banco del Chaco (NBCH), por lo que el Ministerio de Hacienda y Finanzas recuerda que los fondos estar\u00e1n disponibles a trav\u00e9s de todos los canales electr\u00f3nicos de la entidad financiera.<\/p>\n\n\n\n<p><em>CRONOGRAMA<\/em><\/p>\n\n\n\n<p><\/p>\n\n\n\n<ul class=\"wp-block-list\">\n<li>Pueblos Originarios: viernes 7 de marzo. PAGADO<\/li>\n\n\n\n<li>Expertos: viernes 7 de marzo. PAGADO<\/li>\n\n\n\n<li>Servicio de Mantenimiento de Establecimientos Educativos: jueves 13 de marzo.<\/li>\n\n\n\n<li>M\u00e1s Inclusi\u00f3n: viernes 14 de marzo.<\/li>\n\n\n\n<li>Renta M\u00ednima Progresiva: viernes 14 de marzo.<\/li>\n\n\n\n<li>Becados del programa de reconversi\u00f3n laboral Canillitas: viernes 14 de marzo.<\/li>\n<\/ul>\n","protected":false},"excerpt":{"rendered":"<p>El Gobierno provincial, a trav\u00e9s del Ministerio de Hacienda y Finanzas, inform\u00f3 el cronograma de pagos de los programas provinciales, que comenzaron a abonarse desde el viernes 7 de marzo a todos los beneficiarios de la Provincia. Los pagos de los programas provinciales finalizar\u00e1n esta semana, luego de haberse abonado el viernes 7 de marzo &hellip;<\/p>\n","protected":false},"author":2,"featured_media":76345,"comment_status":"open","ping_status":"open","sticky":false,"template":"","format":"standard","meta":{"_jetpack_memberships_contains_paid_content":false,"footnotes":"","jetpack_publicize_message":"","jetpack_publicize_feature_enabled":true,"jetpack_social_post_already_shared":true,"jetpack_social_options":{"image_generator_settings":{"template":"highway","default_image_id":0,"font":"","enabled":false},"version":2}},"categories":[5,8],"tags":[],"class_list":["post-106341","post","type-post","status-publish","format-standard","has-post-thumbnail","hentry","category-chaco","category-policiales"],"jetpack_publicize_connections":[],"jetpack_featured_media_url":"https:\/\/portalmovil.com.ar\/wp-content\/uploads\/2023\/05\/63ebaa001c670892814762.jpg","jetpack_sharing_enabled":true,"amp_enabled":true,"_links":{"self":[{"href":"https:\/\/portalmovil.com.ar\/index.php\/wp-json\/wp\/v2\/posts\/106341","targetHints":{"allow":["GET"]}}],"collection":[{"href":"https:\/\/portalmovil.com.ar\/index.php\/wp-json\/wp\/v2\/posts"}],"about":[{"href":"https:\/\/portalmovil.com.ar\/index.php\/wp-json\/wp\/v2\/types\/post"}],"author":[{"embeddable":true,"href":"https:\/\/portalmovil.com.ar\/index.php\/wp-json\/wp\/v2\/users\/2"}],"replies":[{"embeddable":true,"href":"https:\/\/portalmovil.com.ar\/index.php\/wp-json\/wp\/v2\/comments?post=106341"}],"version-history":[{"count":1,"href":"https:\/\/portalmovil.com.ar\/index.php\/wp-json\/wp\/v2\/posts\/106341\/revisions"}],"predecessor-version":[{"id":106342,"href":"https:\/\/portalmovil.com.ar\/index.php\/wp-json\/wp\/v2\/posts\/106341\/revisions\/106342"}],"wp:featuredmedia":[{"embeddable":true,"href":"https:\/\/portalmovil.com.ar\/index.php\/wp-json\/wp\/v2\/media\/76345"}],"wp:attachment":[{"href":"https:\/\/portalmovil.com.ar\/index.php\/wp-json\/wp\/v2\/media?parent=106341"}],"wp:term":[{"taxonomy":"category","embeddable":true,"href":"https:\/\/portalmovil.com.ar\/index.php\/wp-json\/wp\/v2\/categories?post=106341"},{"taxonomy":"post_tag","embeddable":true,"href":"https:\/\/portalmovil.com.ar\/index.php\/wp-json\/wp\/v2\/tags?post=106341"}],"curies":[{"name":"wp","href":"https:\/\/api.w.org\/{rel}","templated":true}]}}