{"id":106280,"date":"2025-03-07T11:03:41","date_gmt":"2025-03-07T14:03:41","guid":{"rendered":"https:\/\/portalmovil.com.ar\/?p=106280"},"modified":"2025-03-07T11:03:43","modified_gmt":"2025-03-07T14:03:43","slug":"nahir-galarza-a-los-padres-de-fernando-pastorizzo-les-pediria-perdon-desde-lo-mas-sincero-de-mi-corazon","status":"publish","type":"post","link":"https:\/\/portalmovil.com.ar\/index.php\/2025\/03\/07\/nahir-galarza-a-los-padres-de-fernando-pastorizzo-les-pediria-perdon-desde-lo-mas-sincero-de-mi-corazon\/","title":{"rendered":"Nahir Galarza, a los padres de Fernando Pastorizzo: \u201cLes pedir\u00eda perd\u00f3n desde lo m\u00e1s sincero de mi coraz\u00f3n\u201d"},"content":{"rendered":"\n<p>La joven, quien cumple una condena a cadena perpetua por el asesinato de su novio en 2017, pidi\u00f3 a la justicia \u00abel beneficio de la duda\u00bb y reiter\u00f3 que nunca tuvo \u00abuna relaci\u00f3n formal\u00bb con Fernando Pastorizzo.<\/p>\n\n\n\n<p>\u00abPido que la justicia sea justa conmigo, que me den el mismo derecho que a las otras personas, un poco de equidad\u00bb, dijo la joven, quien est\u00e1 presa en la Unidad Penal de Mujeres n\u00famero 6 de la ciudad de Paran\u00e1.<\/p>\n\n\n\n<p>En ese sentido, remarc\u00f3 que \u00abnunca tuve el beneficio de la duda, siempre aparec\u00ed como la asesina de su novio\u00bb, pero advirti\u00f3 que \u00abya hab\u00eda una condena social y medi\u00e1tica. Ni siquiera fui a la audiencia del veredicto porque sab\u00eda que me iban a dar perpetua\u00bb.<\/p>\n\n\n\n<p>Asimismo, se\u00f1al\u00f3 que \u00abno ten\u00eda una relaci\u00f3n formal con Fernando&nbsp; y nunca pudieron probarlo\u00bb, y agreg\u00f3 que \u00abel d\u00eda de la testimonial present\u00e9 una carta en las que \u00e9l me ped\u00eda disculpas por lo que me hab\u00eda hecho, pero no la tuvieron en cuenta\u00bb.<\/p>\n\n\n\n<p>Al respecto, dej\u00f3 entrever que Pastorizzo la hab\u00eda lastimado, lo cual fue corroborado \u00abpor mi m\u00e9dico ginec\u00f3logo, mi fisioterapeuta y mi entrenador de hockey\u00bb.<\/p>\n\n\n\n<p>\u00abNadie me escuch\u00f3, ahora me da igual que me crean o no, si ya estoy re condenada\u00bb, expres\u00f3 Nahir en un reportaje que concedi\u00f3 a Canal 9 de Paran\u00e1.&nbsp;&nbsp;<\/p>\n\n\n\n<p>Consultada por el d\u00eda del asesinato, el 29 de diciembre de 2017 en Gualeguaych\u00fa, la joven confi\u00f3 que \u00abestaba muy aturdida\u00bb, y eludi\u00f3 la posibilidad de dar detalles sobre la muerte de su novio. \u00abYa no tiene sentido contar lo que pas\u00f3 si ya me condenaron, no me dieron oportunidad\u00bb.<\/p>\n\n\n\n<p>Por otra parte, revel\u00f3 que en alg\u00fan momento intent\u00f3 acercarse a los padres de Pastorizzo, pero \u00e9stos rechazaron ese posible encuentro: \u00abLes pedir\u00eda perd\u00f3n desde lo m\u00e1s profundo de mi coraz\u00f3n\u00bb.<\/p>\n","protected":false},"excerpt":{"rendered":"<p>La joven, quien cumple una condena a cadena perpetua por el asesinato de su novio en 2017, pidi\u00f3 a la justicia \u00abel beneficio de la duda\u00bb y reiter\u00f3 que nunca tuvo \u00abuna relaci\u00f3n formal\u00bb con Fernando Pastorizzo. \u00abPido que la justicia sea justa conmigo, que me den el mismo derecho que a las otras personas, &hellip;<\/p>\n","protected":false},"author":2,"featured_media":106281,"comment_status":"open","ping_status":"open","sticky":false,"template":"","format":"standard","meta":{"_jetpack_memberships_contains_paid_content":false,"footnotes":"","jetpack_publicize_message":"","jetpack_publicize_feature_enabled":true,"jetpack_social_post_already_shared":true,"jetpack_social_options":{"image_generator_settings":{"template":"highway","default_image_id":0,"font":"","enabled":false},"version":2}},"categories":[639,50],"tags":[],"class_list":["post-106280","post","type-post","status-publish","format-standard","has-post-thumbnail","hentry","category-argentina","category-judiciales"],"jetpack_publicize_connections":[],"jetpack_featured_media_url":"https:\/\/portalmovil.com.ar\/wp-content\/uploads\/2025\/03\/2TRX2SK4B5EH5HP25BH3KD4YU4.webp","jetpack_sharing_enabled":true,"amp_enabled":true,"_links":{"self":[{"href":"https:\/\/portalmovil.com.ar\/index.php\/wp-json\/wp\/v2\/posts\/106280","targetHints":{"allow":["GET"]}}],"collection":[{"href":"https:\/\/portalmovil.com.ar\/index.php\/wp-json\/wp\/v2\/posts"}],"about":[{"href":"https:\/\/portalmovil.com.ar\/index.php\/wp-json\/wp\/v2\/types\/post"}],"author":[{"embeddable":true,"href":"https:\/\/portalmovil.com.ar\/index.php\/wp-json\/wp\/v2\/users\/2"}],"replies":[{"embeddable":true,"href":"https:\/\/portalmovil.com.ar\/index.php\/wp-json\/wp\/v2\/comments?post=106280"}],"version-history":[{"count":1,"href":"https:\/\/portalmovil.com.ar\/index.php\/wp-json\/wp\/v2\/posts\/106280\/revisions"}],"predecessor-version":[{"id":106282,"href":"https:\/\/portalmovil.com.ar\/index.php\/wp-json\/wp\/v2\/posts\/106280\/revisions\/106282"}],"wp:featuredmedia":[{"embeddable":true,"href":"https:\/\/portalmovil.com.ar\/index.php\/wp-json\/wp\/v2\/media\/106281"}],"wp:attachment":[{"href":"https:\/\/portalmovil.com.ar\/index.php\/wp-json\/wp\/v2\/media?parent=106280"}],"wp:term":[{"taxonomy":"category","embeddable":true,"href":"https:\/\/portalmovil.com.ar\/index.php\/wp-json\/wp\/v2\/categories?post=106280"},{"taxonomy":"post_tag","embeddable":true,"href":"https:\/\/portalmovil.com.ar\/index.php\/wp-json\/wp\/v2\/tags?post=106280"}],"curies":[{"name":"wp","href":"https:\/\/api.w.org\/{rel}","templated":true}]}}