{"id":106278,"date":"2025-03-07T10:37:18","date_gmt":"2025-03-07T13:37:18","guid":{"rendered":"https:\/\/portalmovil.com.ar\/?p=106278"},"modified":"2025-03-07T10:37:20","modified_gmt":"2025-03-07T13:37:20","slug":"causa-carla-retamozo-suspenden-y-postergan-la-audiencia-donde-se-definira-la-pena-al-condenado-marcelo-ortiz","status":"publish","type":"post","link":"https:\/\/portalmovil.com.ar\/index.php\/2025\/03\/07\/causa-carla-retamozo-suspenden-y-postergan-la-audiencia-donde-se-definira-la-pena-al-condenado-marcelo-ortiz\/","title":{"rendered":"Causa Carla Retamozo: suspenden y postergan la audiencia donde se definir\u00e1 la pena al condenado Marcelo Ortiz"},"content":{"rendered":"\n<p>Un informe pendiente impidi\u00f3 la finalizaci\u00f3n del tr\u00e1mite judicial. El juez tiene un plazo m\u00e1ximo de 15 d\u00edas h\u00e1biles para dictar sentencia.<\/p>\n\n\n\n<p><strong>El Tribunal no pudo llevar a cabo la audiencia prevista para hoy<\/strong>, en la que se determinar\u00eda la&nbsp;<strong>pena de Marcelo Ortiz<\/strong>, declarado culpable por el homicidio en ocasi\u00f3n de robo de Carla Retamozo.<strong>&nbsp;La suspensi\u00f3n obedeci\u00f3 a la falta de un informe clave del Registro Nacional de Reincidencia<\/strong>, cuya entrega sufri\u00f3 una demora ajena a las autoridades judiciales. Ante esta situaci\u00f3n,<strong>&nbsp;el tr\u00e1mite fue reprogramado para el pr\u00f3ximo 12 de marzo a las 7:30.<\/strong>&nbsp;&nbsp;<\/p>\n\n\n\n<p><strong>Pese a la interrupci\u00f3n, la audiencia comenz\u00f3 y se avanz\u00f3 en lo posible hasta que el juez decret\u00f3 un cuarto intermedio<\/strong>. Ahora, una vez cumplido el plazo establecido,&nbsp;<strong>deber\u00e1 dictar sentencia dentro de los pr\u00f3ximos 15 d\u00edas h\u00e1biles<\/strong>, aunque en la mayor\u00eda de los casos este periodo suele ser menor. La expectativa est\u00e1 puesta en la pena que impondr\u00e1 el magistrado Ernesto Azcona, quien tiene en sus manos la decisi\u00f3n final.&nbsp;&nbsp;<\/p>\n\n\n\n<p><strong>Ortiz fue hallado culpable por unanimidad en el juicio por jurados celebrado en febrero<\/strong>. La fiscal\u00eda insisti\u00f3 en que su accionar fue determinante en la muerte de la v\u00edctima y solicit\u00f3 la pena m\u00e1xima, que<strong>&nbsp;podr\u00eda alcanzar los 25 a\u00f1os de prisi\u00f3n<\/strong>. La defensa, en cambio, intent\u00f3 reducir su responsabilidad alegando problemas psicol\u00f3gicos, aunque un informe psiqui\u00e1trico oficial descart\u00f3 esta posibilidad. Con el veredicto firme, solo resta conocer cu\u00e1ntos a\u00f1os de c\u00e1rcel cumplir\u00e1 el condenado.<\/p>\n","protected":false},"excerpt":{"rendered":"<p>Un informe pendiente impidi\u00f3 la finalizaci\u00f3n del tr\u00e1mite judicial. El juez tiene un plazo m\u00e1ximo de 15 d\u00edas h\u00e1biles para dictar sentencia. El Tribunal no pudo llevar a cabo la audiencia prevista para hoy, en la que se determinar\u00eda la&nbsp;pena de Marcelo Ortiz, declarado culpable por el homicidio en ocasi\u00f3n de robo de Carla Retamozo.&nbsp;La &hellip;<\/p>\n","protected":false},"author":2,"featured_media":105996,"comment_status":"open","ping_status":"open","sticky":false,"template":"","format":"standard","meta":{"_jetpack_memberships_contains_paid_content":false,"footnotes":"","jetpack_publicize_message":"","jetpack_publicize_feature_enabled":true,"jetpack_social_post_already_shared":true,"jetpack_social_options":{"image_generator_settings":{"template":"highway","default_image_id":0,"font":"","enabled":false},"version":2}},"categories":[5,50],"tags":[],"class_list":["post-106278","post","type-post","status-publish","format-standard","has-post-thumbnail","hentry","category-chaco","category-judiciales"],"jetpack_publicize_connections":[],"jetpack_featured_media_url":"https:\/\/portalmovil.com.ar\/wp-content\/uploads\/2025\/02\/resize_1731071128.jpg","jetpack_sharing_enabled":true,"amp_enabled":true,"_links":{"self":[{"href":"https:\/\/portalmovil.com.ar\/index.php\/wp-json\/wp\/v2\/posts\/106278","targetHints":{"allow":["GET"]}}],"collection":[{"href":"https:\/\/portalmovil.com.ar\/index.php\/wp-json\/wp\/v2\/posts"}],"about":[{"href":"https:\/\/portalmovil.com.ar\/index.php\/wp-json\/wp\/v2\/types\/post"}],"author":[{"embeddable":true,"href":"https:\/\/portalmovil.com.ar\/index.php\/wp-json\/wp\/v2\/users\/2"}],"replies":[{"embeddable":true,"href":"https:\/\/portalmovil.com.ar\/index.php\/wp-json\/wp\/v2\/comments?post=106278"}],"version-history":[{"count":1,"href":"https:\/\/portalmovil.com.ar\/index.php\/wp-json\/wp\/v2\/posts\/106278\/revisions"}],"predecessor-version":[{"id":106279,"href":"https:\/\/portalmovil.com.ar\/index.php\/wp-json\/wp\/v2\/posts\/106278\/revisions\/106279"}],"wp:featuredmedia":[{"embeddable":true,"href":"https:\/\/portalmovil.com.ar\/index.php\/wp-json\/wp\/v2\/media\/105996"}],"wp:attachment":[{"href":"https:\/\/portalmovil.com.ar\/index.php\/wp-json\/wp\/v2\/media?parent=106278"}],"wp:term":[{"taxonomy":"category","embeddable":true,"href":"https:\/\/portalmovil.com.ar\/index.php\/wp-json\/wp\/v2\/categories?post=106278"},{"taxonomy":"post_tag","embeddable":true,"href":"https:\/\/portalmovil.com.ar\/index.php\/wp-json\/wp\/v2\/tags?post=106278"}],"curies":[{"name":"wp","href":"https:\/\/api.w.org\/{rel}","templated":true}]}}