{"id":106259,"date":"2025-03-06T20:05:34","date_gmt":"2025-03-06T23:05:34","guid":{"rendered":"https:\/\/portalmovil.com.ar\/?p=106259"},"modified":"2025-03-06T20:05:48","modified_gmt":"2025-03-06T23:05:48","slug":"el-papa-francisco-hablo-por-primera-vez-tras-haber-sido-internado","status":"publish","type":"post","link":"https:\/\/portalmovil.com.ar\/index.php\/2025\/03\/06\/el-papa-francisco-hablo-por-primera-vez-tras-haber-sido-internado\/","title":{"rendered":"El Papa Francisco habl\u00f3 por primera vez tras haber sido internado"},"content":{"rendered":"\n<p><strong>El Vaticano difundi\u00f3 este jueves el primer audio del Papa Francisco desde que se encuentra en el hospital Gemelli en Roma<\/strong>&nbsp;. La declaraci\u00f3n fue breve y se difundi\u00f3 en la Plaza de San Pedro, antes del comienzo de la oraci\u00f3n del rosario por su salud.<\/p>\n\n\n\n<p>Francisco habl\u00f3 en espa\u00f1ol y en un tono d\u00e9bil.&nbsp;<strong>\u00abAgradezco de todo coraz\u00f3n las oraciones que hacen por mi salud desde la Plaza, los acompa\u00f1o desde ac\u00e1. Que Dios los bendiga y que la Virgen los cuide. Gracias\u00bb<\/strong>, expres\u00f3.<\/p>\n\n\n\n<p>A 21 d\u00edas de su internaci\u00f3n, Francisco pas\u00f3 una buena noche de descanso y sigue con su recuperaci\u00f3n, seg\u00fan el\u00a0<a href=\"http:\/\/PORTAL MOVIL\">\u00faltimo parte m\u00e9dico<\/a>.<\/p>\n\n\n\n<p>El informe indica que, aunque su cuadro cl\u00ednico todav\u00eda es \u00abcomplejo\u00bb, el Santo Padre volvi\u00f3 a tener una noche serena y mejora.<\/p>\n\n\n\n<p>En el segundo parte m\u00e9dico del d\u00eda,&nbsp;el Vaticano se\u00f1al\u00f3 que su salud permanece \u00abestable y sin nuevas crisis respiratorias\u00bb.<\/p>\n\n\n\n<p>\u00abLas condiciones cl\u00ednicas del Santo Padre se mantuvieron estables respecto a los d\u00edas anteriores\u00bb, pero el pron\u00f3stico sigue siendo \u00abreservado\u00bb, precis\u00f3 la Santa Sede en el informe m\u00e9dico que env\u00eda a diario desde el ingreso del pont\u00edfice en la cl\u00ednica Gemelli de Roma, el 14 de febrero.<\/p>\n","protected":false},"excerpt":{"rendered":"<p>El Vaticano difundi\u00f3 este jueves el primer audio del Papa Francisco desde que se encuentra en el hospital Gemelli en Roma&nbsp;. La declaraci\u00f3n fue breve y se difundi\u00f3 en la Plaza de San Pedro, antes del comienzo de la oraci\u00f3n del rosario por su salud. Francisco habl\u00f3 en espa\u00f1ol y en un tono d\u00e9bil.&nbsp;\u00abAgradezco de &hellip;<\/p>\n","protected":false},"author":2,"featured_media":106260,"comment_status":"open","ping_status":"open","sticky":false,"template":"","format":"standard","meta":{"_jetpack_memberships_contains_paid_content":false,"footnotes":"","jetpack_publicize_message":"","jetpack_publicize_feature_enabled":true,"jetpack_social_post_already_shared":true,"jetpack_social_options":{"image_generator_settings":{"template":"highway","default_image_id":0,"font":"","enabled":false},"version":2}},"categories":[17],"tags":[],"class_list":["post-106259","post","type-post","status-publish","format-standard","has-post-thumbnail","hentry","category-mundo"],"jetpack_publicize_connections":[],"jetpack_featured_media_url":"https:\/\/portalmovil.com.ar\/wp-content\/uploads\/2025\/03\/174417w850h478c.jpg.webp","jetpack_sharing_enabled":true,"amp_enabled":true,"_links":{"self":[{"href":"https:\/\/portalmovil.com.ar\/index.php\/wp-json\/wp\/v2\/posts\/106259","targetHints":{"allow":["GET"]}}],"collection":[{"href":"https:\/\/portalmovil.com.ar\/index.php\/wp-json\/wp\/v2\/posts"}],"about":[{"href":"https:\/\/portalmovil.com.ar\/index.php\/wp-json\/wp\/v2\/types\/post"}],"author":[{"embeddable":true,"href":"https:\/\/portalmovil.com.ar\/index.php\/wp-json\/wp\/v2\/users\/2"}],"replies":[{"embeddable":true,"href":"https:\/\/portalmovil.com.ar\/index.php\/wp-json\/wp\/v2\/comments?post=106259"}],"version-history":[{"count":1,"href":"https:\/\/portalmovil.com.ar\/index.php\/wp-json\/wp\/v2\/posts\/106259\/revisions"}],"predecessor-version":[{"id":106261,"href":"https:\/\/portalmovil.com.ar\/index.php\/wp-json\/wp\/v2\/posts\/106259\/revisions\/106261"}],"wp:featuredmedia":[{"embeddable":true,"href":"https:\/\/portalmovil.com.ar\/index.php\/wp-json\/wp\/v2\/media\/106260"}],"wp:attachment":[{"href":"https:\/\/portalmovil.com.ar\/index.php\/wp-json\/wp\/v2\/media?parent=106259"}],"wp:term":[{"taxonomy":"category","embeddable":true,"href":"https:\/\/portalmovil.com.ar\/index.php\/wp-json\/wp\/v2\/categories?post=106259"},{"taxonomy":"post_tag","embeddable":true,"href":"https:\/\/portalmovil.com.ar\/index.php\/wp-json\/wp\/v2\/tags?post=106259"}],"curies":[{"name":"wp","href":"https:\/\/api.w.org\/{rel}","templated":true}]}}