{"id":10624,"date":"2020-08-06T15:23:01","date_gmt":"2020-08-06T18:23:01","guid":{"rendered":"https:\/\/portalmovil.com.ar\/?p=10624"},"modified":"2020-08-06T15:42:23","modified_gmt":"2020-08-06T18:42:23","slug":"cristina-kirchner-demanda-a-google-por-identificarla-como-la-ladrona-de-la-nacion-argentina","status":"publish","type":"post","link":"https:\/\/portalmovil.com.ar\/index.php\/2020\/08\/06\/cristina-kirchner-demanda-a-google-por-identificarla-como-la-ladrona-de-la-nacion-argentina\/","title":{"rendered":"Cristina Kirchner demanda a Google por identificarla como la \u201cLadrona de la Naci\u00f3n Argentina\u201d"},"content":{"rendered":"\n<p>La vicepresidenta de la Naci\u00f3n&nbsp;Cristina Kirchner&nbsp;present\u00f3 este jueves una denuncia contra el buscador&nbsp;Google&nbsp;por identificarla&nbsp;como la&nbsp;<strong>\u201cLadrona de la Naci\u00f3n Argentina\u201d<\/strong>.<\/p>\n\n\n\n<p>Los abogados de la funcionaria formalizaron la demanda ante el Fuero Federal Civil y Comercial para solicitar una&nbsp;pericia inform\u00e1tica urgente&nbsp;contra Google, en car\u00e1cter de prueba anticipada.<\/p>\n\n\n\n<p>A trav\u00e9s de un comunicado, se record\u00f3 que \u201cel d\u00eda 17 de mayo de 2020 a las 00:20hs el diario&nbsp;<em>Clar\u00edn&nbsp;<\/em>public\u00f3, en una una nota digital, que el buscador de Google hab\u00eda colocado una infamante leyenda en el lugar donde deber\u00eda figurar el cargo que ocupa hoy Cristina Fern\u00e1ndez de Kirchner\u201d.<\/p>\n\n\n\n<p>La presentaci\u00f3n se realiz\u00f3 por considerar que \u201cefectivamente, dentro del panel de conocimiento del principal buscador de la web, en lugar de describir el cargo institucional de Vicepresidenta de la Naci\u00f3n que actualmente ejerce Cristina&nbsp;Kirchner, figuraba en forma maliciosa y difamante la leyenda de \u2018Ladrona de la Naci\u00f3n Argentina\u2019\u201d.<\/p>\n\n\n\n<p>\u201cCuando las mentiras y difamaciones se disparan desde plataformas masivas, su circulaci\u00f3n no tiene l\u00edmites,&nbsp;no se puede detener y el da\u00f1o que ocasionan a los difamados pareciera ser incalculable\u201d, advirti\u00f3 Cristina Kirchner al anunciar su accionar a trav\u00e9s de su cuenta de Twitter.<\/p>\n\n\n\n<figure class=\"wp-block-embed-twitter wp-block-embed is-type-rich is-provider-twitter\"><div class=\"wp-block-embed__wrapper\">\n<div class=\"embed-twitter\"><blockquote class=\"twitter-tweet\" data-width=\"500\" data-dnt=\"true\"><p lang=\"es\" dir=\"ltr\">Como saben, el 17 de mayo Google public\u00f3 informaci\u00f3n falsa y ofensiva contra mi persona, provocando un da\u00f1o que debe ser reparado.<\/p>&mdash; Cristina Kirchner (@CFKArgentina) <a href=\"https:\/\/twitter.com\/CFKArgentina\/status\/1291390303635636224?ref_src=twsrc%5Etfw\">August 6, 2020<\/a><\/blockquote><script async src=\"https:\/\/platform.twitter.com\/widgets.js\" charset=\"utf-8\"><\/script><\/div>\n<\/div><\/figure>\n\n\n\n<figure class=\"wp-block-embed-twitter wp-block-embed is-type-rich is-provider-twitter\"><div class=\"wp-block-embed__wrapper\">\n<div class=\"embed-twitter\"><blockquote class=\"twitter-tweet\" data-width=\"500\" data-dnt=\"true\"><p lang=\"es\" dir=\"ltr\">Por eso, la acci\u00f3n judicial tambi\u00e9n pretende plantear una cuesti\u00f3n compleja y profunda, propia de los tiempos que corren: \u00bfExiste alg\u00fan tipo de defensa para las personas que resultan v\u00edctimas de este tipo de acciones perpetradas por un gigante inform\u00e1tico como Google?<\/p>&mdash; Cristina Kirchner (@CFKArgentina) <a href=\"https:\/\/twitter.com\/CFKArgentina\/status\/1291390308245217280?ref_src=twsrc%5Etfw\">August 6, 2020<\/a><\/blockquote><script async src=\"https:\/\/platform.twitter.com\/widgets.js\" charset=\"utf-8\"><\/script><\/div>\n<\/div><\/figure>\n\n\n\n<figure class=\"wp-block-image size-large\"><a href=\"https:\/\/portalmovil.com.ar\/index.php\/suscripciones\/\"><img loading=\"lazy\" decoding=\"async\" width=\"1024\" height=\"123\" src=\"https:\/\/portalmovil.com.ar\/wp-content\/uploads\/2020\/08\/suscripciones-PM-1024x123-1-22.png\" alt=\"\" class=\"wp-image-10618\" srcset=\"https:\/\/portalmovil.com.ar\/wp-content\/uploads\/2020\/08\/suscripciones-PM-1024x123-1-22.png 1024w, https:\/\/portalmovil.com.ar\/wp-content\/uploads\/2020\/08\/suscripciones-PM-1024x123-1-22-300x36.png 300w, https:\/\/portalmovil.com.ar\/wp-content\/uploads\/2020\/08\/suscripciones-PM-1024x123-1-22-768x92.png 768w\" sizes=\"auto, (max-width: 1024px) 100vw, 1024px\" \/><\/a><\/figure>\n","protected":false},"excerpt":{"rendered":"<p>La vicepresidenta de la Naci\u00f3n&nbsp;Cristina Kirchner&nbsp;present\u00f3 este jueves una denuncia contra el buscador&nbsp;Google&nbsp;por identificarla&nbsp;como la&nbsp;\u201cLadrona de la Naci\u00f3n Argentina\u201d. Los abogados de la funcionaria formalizaron la demanda ante el Fuero Federal Civil y Comercial para solicitar una&nbsp;pericia inform\u00e1tica urgente&nbsp;contra Google, en car\u00e1cter de prueba anticipada. A trav\u00e9s de un comunicado, se record\u00f3 que \u201cel d\u00eda &hellip;<\/p>\n","protected":false},"author":2,"featured_media":10625,"comment_status":"open","ping_status":"open","sticky":false,"template":"","format":"standard","meta":{"_jetpack_memberships_contains_paid_content":false,"footnotes":"","jetpack_publicize_message":"","jetpack_publicize_feature_enabled":true,"jetpack_social_post_already_shared":true,"jetpack_social_options":{"image_generator_settings":{"template":"highway","default_image_id":0,"font":"","enabled":false},"version":2}},"categories":[50,34],"tags":[],"class_list":["post-10624","post","type-post","status-publish","format-standard","has-post-thumbnail","hentry","category-judiciales","category-nacional"],"jetpack_publicize_connections":[],"jetpack_featured_media_url":"https:\/\/portalmovil.com.ar\/wp-content\/uploads\/2020\/08\/IPN5DTPWBVBZBGNQGUD3XGCVD4.jpg","jetpack_sharing_enabled":true,"amp_enabled":true,"_links":{"self":[{"href":"https:\/\/portalmovil.com.ar\/index.php\/wp-json\/wp\/v2\/posts\/10624","targetHints":{"allow":["GET"]}}],"collection":[{"href":"https:\/\/portalmovil.com.ar\/index.php\/wp-json\/wp\/v2\/posts"}],"about":[{"href":"https:\/\/portalmovil.com.ar\/index.php\/wp-json\/wp\/v2\/types\/post"}],"author":[{"embeddable":true,"href":"https:\/\/portalmovil.com.ar\/index.php\/wp-json\/wp\/v2\/users\/2"}],"replies":[{"embeddable":true,"href":"https:\/\/portalmovil.com.ar\/index.php\/wp-json\/wp\/v2\/comments?post=10624"}],"version-history":[{"count":2,"href":"https:\/\/portalmovil.com.ar\/index.php\/wp-json\/wp\/v2\/posts\/10624\/revisions"}],"predecessor-version":[{"id":10627,"href":"https:\/\/portalmovil.com.ar\/index.php\/wp-json\/wp\/v2\/posts\/10624\/revisions\/10627"}],"wp:featuredmedia":[{"embeddable":true,"href":"https:\/\/portalmovil.com.ar\/index.php\/wp-json\/wp\/v2\/media\/10625"}],"wp:attachment":[{"href":"https:\/\/portalmovil.com.ar\/index.php\/wp-json\/wp\/v2\/media?parent=10624"}],"wp:term":[{"taxonomy":"category","embeddable":true,"href":"https:\/\/portalmovil.com.ar\/index.php\/wp-json\/wp\/v2\/categories?post=10624"},{"taxonomy":"post_tag","embeddable":true,"href":"https:\/\/portalmovil.com.ar\/index.php\/wp-json\/wp\/v2\/tags?post=10624"}],"curies":[{"name":"wp","href":"https:\/\/api.w.org\/{rel}","templated":true}]}}