{"id":105998,"date":"2025-02-25T01:38:00","date_gmt":"2025-02-25T04:38:00","guid":{"rendered":"https:\/\/portalmovil.com.ar\/?p=105998"},"modified":"2025-02-25T11:30:23","modified_gmt":"2025-02-25T14:30:23","slug":"la-justicia-suspendio-el-decreto-que-transforma-al-banco-nacion-en-s-a","status":"publish","type":"post","link":"https:\/\/portalmovil.com.ar\/index.php\/2025\/02\/25\/la-justicia-suspendio-el-decreto-que-transforma-al-banco-nacion-en-s-a\/","title":{"rendered":"La Justicia suspendi\u00f3 el decreto que transforma al Banco Naci\u00f3n en S.A"},"content":{"rendered":"\n<p><strong>El juez federal de La Plata Alejo Ramos Padilla suspendi\u00f3 hoy el decreto que dict\u00f3 el presidente de la Naci\u00f3n, Javier Milei, en el que transform\u00f3 al Banco de la Naci\u00f3n Argentina en una sociedad an\u00f3nima (SA)<\/strong>. Lo hizo al dictar una medida cautelar interina en una causa que se inici\u00f3 el a\u00f1o pasado contra una posible privatizaci\u00f3n de la entidad.<\/p>\n\n\n\n<p>\u201cDisponer como medida cautelar interina la suspensi\u00f3n de los efectos del decreto 116\/25 y\u00a0<strong>ordenar al Estado Nacional y al Banco de la Naci\u00f3n Argentina que se abstengan de toda acci\u00f3n tendiente a su implementaci\u00f3n<\/strong>\u201d, sostuvo el magistrado en su resoluci\u00f3n de 15 p\u00e1ginas.<\/p>\n","protected":false},"excerpt":{"rendered":"<p>El juez federal de La Plata Alejo Ramos Padilla suspendi\u00f3 hoy el decreto que dict\u00f3 el presidente de la Naci\u00f3n, Javier Milei, en el que transform\u00f3 al Banco de la Naci\u00f3n Argentina en una sociedad an\u00f3nima (SA). Lo hizo al dictar una medida cautelar interina en una causa que se inici\u00f3 el a\u00f1o pasado contra &hellip;<\/p>\n","protected":false},"author":2,"featured_media":105859,"comment_status":"open","ping_status":"open","sticky":false,"template":"","format":"standard","meta":{"_jetpack_memberships_contains_paid_content":false,"footnotes":"","jetpack_publicize_message":"","jetpack_publicize_feature_enabled":true,"jetpack_social_post_already_shared":true,"jetpack_social_options":{"image_generator_settings":{"template":"highway","default_image_id":0,"font":"","enabled":false},"version":2}},"categories":[639,50,12],"tags":[],"class_list":["post-105998","post","type-post","status-publish","format-standard","has-post-thumbnail","hentry","category-argentina","category-judiciales","category-ultimo"],"jetpack_publicize_connections":[],"jetpack_featured_media_url":"https:\/\/portalmovil.com.ar\/wp-content\/uploads\/2025\/02\/banco-nacionwebp.png","jetpack_sharing_enabled":true,"amp_enabled":true,"_links":{"self":[{"href":"https:\/\/portalmovil.com.ar\/index.php\/wp-json\/wp\/v2\/posts\/105998","targetHints":{"allow":["GET"]}}],"collection":[{"href":"https:\/\/portalmovil.com.ar\/index.php\/wp-json\/wp\/v2\/posts"}],"about":[{"href":"https:\/\/portalmovil.com.ar\/index.php\/wp-json\/wp\/v2\/types\/post"}],"author":[{"embeddable":true,"href":"https:\/\/portalmovil.com.ar\/index.php\/wp-json\/wp\/v2\/users\/2"}],"replies":[{"embeddable":true,"href":"https:\/\/portalmovil.com.ar\/index.php\/wp-json\/wp\/v2\/comments?post=105998"}],"version-history":[{"count":1,"href":"https:\/\/portalmovil.com.ar\/index.php\/wp-json\/wp\/v2\/posts\/105998\/revisions"}],"predecessor-version":[{"id":105999,"href":"https:\/\/portalmovil.com.ar\/index.php\/wp-json\/wp\/v2\/posts\/105998\/revisions\/105999"}],"wp:featuredmedia":[{"embeddable":true,"href":"https:\/\/portalmovil.com.ar\/index.php\/wp-json\/wp\/v2\/media\/105859"}],"wp:attachment":[{"href":"https:\/\/portalmovil.com.ar\/index.php\/wp-json\/wp\/v2\/media?parent=105998"}],"wp:term":[{"taxonomy":"category","embeddable":true,"href":"https:\/\/portalmovil.com.ar\/index.php\/wp-json\/wp\/v2\/categories?post=105998"},{"taxonomy":"post_tag","embeddable":true,"href":"https:\/\/portalmovil.com.ar\/index.php\/wp-json\/wp\/v2\/tags?post=105998"}],"curies":[{"name":"wp","href":"https:\/\/api.w.org\/{rel}","templated":true}]}}