{"id":105971,"date":"2025-02-24T06:00:00","date_gmt":"2025-02-24T09:00:00","guid":{"rendered":"https:\/\/portalmovil.com.ar\/?p=105971"},"modified":"2025-02-24T18:09:02","modified_gmt":"2025-02-24T21:09:02","slug":"alerta-sofia-por-lian-el-nene-de-3-anos-desaparecido-en-cordoba","status":"publish","type":"post","link":"https:\/\/portalmovil.com.ar\/index.php\/2025\/02\/24\/alerta-sofia-por-lian-el-nene-de-3-anos-desaparecido-en-cordoba\/","title":{"rendered":"Alerta Sof\u00eda por Lian, el nene de 3 a\u00f1os desaparecido en C\u00f3rdoba"},"content":{"rendered":"\n<p>Un nene de tres a\u00f1os desapareci\u00f3 en la localidad cordobesa de Ballesteros Sud, a 180 km de la capital de la provincia. A ra\u00edz del hecho, declararon el Alerta Sof\u00eda para tratar de intensificar la b\u00fasqueda. \u00a0Se trata de Lian Fael Flores Soraire, que fue visto por \u00faltima vez el s\u00e1bado alrededor de las 15, cuando estaba jugando en el patio de su casa, en una zona rural y en una jornada de calor extremo.<\/p>\n\n\n\n<p>Cuando sus padres, de nacionalidad boliviana, se levantaron de la siesta comenzaron una b\u00fasqueda infructuosa por su vivienda y las casas vecinas, para finalmente a las 17 dar parte a la polic\u00eda. \u00a0<\/p>\n\n\n\n<p>Posteriormente se radic\u00f3 formalmente la denuncia en sede judicial y la Fiscal\u00eda de Instrucci\u00f3n de Bell Ville orden\u00f3 una b\u00fasqueda intensiva.<\/p>\n\n\n\n<p>Seg\u00fan indic\u00f3 la polic\u00eda, Lian es de tez trigue\u00f1a, tiene cabello corto y negro, mide aproximadamente 90 cent\u00edmetros, y al momento de su desaparici\u00f3n, vest\u00eda un pantal\u00f3n corto azul, y no llevaba camisa ni calzado debido al calor agobiante. <\/p>\n\n\n\n<p>\u00a0Lian vive con su familia en una zona rural de Ballesteros Sud, donde varias familias de origen boliviano trabajan en un cortadero de ladrillos.<\/p>\n\n\n\n<figure class=\"wp-block-image size-large\"><img loading=\"lazy\" decoding=\"async\" width=\"819\" height=\"1024\" src=\"https:\/\/portalmovil.com.ar\/wp-content\/uploads\/2025\/02\/1002095143-819x1024.webp\" alt=\"\" class=\"wp-image-105972\" srcset=\"https:\/\/portalmovil.com.ar\/wp-content\/uploads\/2025\/02\/1002095143-819x1024.webp 819w, https:\/\/portalmovil.com.ar\/wp-content\/uploads\/2025\/02\/1002095143-240x300.webp 240w, https:\/\/portalmovil.com.ar\/wp-content\/uploads\/2025\/02\/1002095143-768x960.webp 768w, https:\/\/portalmovil.com.ar\/wp-content\/uploads\/2025\/02\/1002095143.webp 864w\" sizes=\"auto, (max-width: 819px) 100vw, 819px\" \/><\/figure>\n","protected":false},"excerpt":{"rendered":"<p>Un nene de tres a\u00f1os desapareci\u00f3 en la localidad cordobesa de Ballesteros Sud, a 180 km de la capital de la provincia. A ra\u00edz del hecho, declararon el Alerta Sof\u00eda para tratar de intensificar la b\u00fasqueda. \u00a0Se trata de Lian Fael Flores Soraire, que fue visto por \u00faltima vez el s\u00e1bado alrededor de las 15, &hellip;<\/p>\n","protected":false},"author":2,"featured_media":105973,"comment_status":"open","ping_status":"open","sticky":false,"template":"","format":"standard","meta":{"_jetpack_memberships_contains_paid_content":false,"footnotes":"","jetpack_publicize_message":"","jetpack_publicize_feature_enabled":true,"jetpack_social_post_already_shared":true,"jetpack_social_options":{"image_generator_settings":{"template":"highway","default_image_id":0,"font":"","enabled":false},"version":2}},"categories":[639,8,12],"tags":[],"class_list":["post-105971","post","type-post","status-publish","format-standard","has-post-thumbnail","hentry","category-argentina","category-policiales","category-ultimo"],"jetpack_publicize_connections":[],"jetpack_featured_media_url":"https:\/\/portalmovil.com.ar\/wp-content\/uploads\/2025\/02\/3C74ULCEWVDFBLFINB5PX6INGY.jpg","jetpack_sharing_enabled":true,"amp_enabled":true,"_links":{"self":[{"href":"https:\/\/portalmovil.com.ar\/index.php\/wp-json\/wp\/v2\/posts\/105971","targetHints":{"allow":["GET"]}}],"collection":[{"href":"https:\/\/portalmovil.com.ar\/index.php\/wp-json\/wp\/v2\/posts"}],"about":[{"href":"https:\/\/portalmovil.com.ar\/index.php\/wp-json\/wp\/v2\/types\/post"}],"author":[{"embeddable":true,"href":"https:\/\/portalmovil.com.ar\/index.php\/wp-json\/wp\/v2\/users\/2"}],"replies":[{"embeddable":true,"href":"https:\/\/portalmovil.com.ar\/index.php\/wp-json\/wp\/v2\/comments?post=105971"}],"version-history":[{"count":1,"href":"https:\/\/portalmovil.com.ar\/index.php\/wp-json\/wp\/v2\/posts\/105971\/revisions"}],"predecessor-version":[{"id":105974,"href":"https:\/\/portalmovil.com.ar\/index.php\/wp-json\/wp\/v2\/posts\/105971\/revisions\/105974"}],"wp:featuredmedia":[{"embeddable":true,"href":"https:\/\/portalmovil.com.ar\/index.php\/wp-json\/wp\/v2\/media\/105973"}],"wp:attachment":[{"href":"https:\/\/portalmovil.com.ar\/index.php\/wp-json\/wp\/v2\/media?parent=105971"}],"wp:term":[{"taxonomy":"category","embeddable":true,"href":"https:\/\/portalmovil.com.ar\/index.php\/wp-json\/wp\/v2\/categories?post=105971"},{"taxonomy":"post_tag","embeddable":true,"href":"https:\/\/portalmovil.com.ar\/index.php\/wp-json\/wp\/v2\/tags?post=105971"}],"curies":[{"name":"wp","href":"https:\/\/api.w.org\/{rel}","templated":true}]}}