{"id":105965,"date":"2025-02-24T11:45:59","date_gmt":"2025-02-24T14:45:59","guid":{"rendered":"https:\/\/portalmovil.com.ar\/?p=105965"},"modified":"2025-02-24T11:46:02","modified_gmt":"2025-02-24T14:46:02","slug":"persecucion-y-balacera-narco-en-la-zona-sur-de-resistencia","status":"publish","type":"post","link":"https:\/\/portalmovil.com.ar\/index.php\/2025\/02\/24\/persecucion-y-balacera-narco-en-la-zona-sur-de-resistencia\/","title":{"rendered":"Persecuci\u00f3n y balacera narco en la Zona Sur de Resistencia"},"content":{"rendered":"\n<p>Momentos de extrema violencia se registraron en una de las zonas m\u00e1s \u00abpicantes\u00bb de Resistencia y que saldaron con dos personas en grave estado producto de las heridas de bala. Los hechos se fueron concatenando y en principio la informaci\u00f3n era confusa, al punto que parec\u00edan episodios diferentes.<\/p>\n\n\n\n<p>Sin embargo se pudo determinar que todo estaba relacionado en un conflicto entre cabecillas de presuntas bandas narco que, adem\u00e1s de diferencias en el negocio, tendr\u00edan una puja por cuestiones personales.<\/p>\n\n\n\n<p>Uno de los sucesos ocurri\u00f3 en calle San Lorenzo al 3200 aproximadamente, donde el frente de una casa recibi\u00f3 una balacera. Las im\u00e1genes de una c\u00e1mara de seguridad permitieron determinar que un autom\u00f3vil Chevrolet Cruze negro se detuvo en la calle y desde el mismo efectuaron al menos doce disparos que perforaron el port\u00f3n y la luneta trasera de un Chevrolet Onix blanco estacionado en el garaje, adem\u00e1s de impactar contra las paredes y una ventana de la vivienda. Luego del ataque, el veh\u00edculo agresor se alej\u00f3 del lugar.<\/p>\n\n\n\n<p>Pocas horas despu\u00e9s la frecuencia policial se sacud\u00eda por la alerta recibida desde el Hospital Perrando, donde acababa de ingresar una joven baleada en un hecho ocurrido en el barrio 13 de Diciembre en proximidades al parque Tiro Federal. La joven, de 27 a\u00f1os y cuyas iniciales son M.G., recibi\u00f3 un disparo en la espalda con orificio de salida por el abdomen. Al ingresar estaba consciente por lo que lleg\u00f3 a identificar a los autores del ataque como los hermanos Sol\u00eds: Nadir y Nicol\u00e1s, conocido como \u00abBet\u00fan\u00bb. Con esta informaci\u00f3n, la Polic\u00eda sab\u00eda que estaba ante un \u00abpeso pesado\u00bb.<\/p>\n\n\n\n<p>Pero para sorpresa de todos, minutos despu\u00e9s el hospital recibe a un segundo herido de bala. Se trataba de Jonatan Herrera que fue trasladado en m\u00f3vil policial y presentaba una herida de arma de fuego en la cabeza. El ataque a Herrera se habr\u00eda producido en cercan\u00edas de donde fue herida la joven que ingres\u00f3 poco antes al hospital. Llamativamente, el m\u00e9dico que atendi\u00f3 a este hombre hizo entrega a la Polic\u00eda de dos cargadores de 9 mm vac\u00edos y la llave de un autom\u00f3vil Chevrolet Cruze.<\/p>\n\n\n\n<p>A Herrera la Polic\u00eda tambi\u00e9n lo conoce por sus antecedentes. Y los elementos brindados por el m\u00e9dico les permitieron unir el incidente del que fue v\u00edctima con lo ocurrido unas horas antes cuando desde un auto Chevrolet Cruze negro balearon el frente de una casa. Esa vivienda es nada menos que de la hermana de los sujetos mencionados por la chica baleada, los Sol\u00eds.<\/p>\n\n\n\n<p>La relaci\u00f3n estaba clara, tanto con lo poco que pudo declarar la joven herida como con otros testimonios recogidos, los agentes de Investigaciones salieron en b\u00fasqueda de los Sol\u00eds, sabiendo que no ser\u00eda una tarea sencilla.<\/p>\n\n\n\n<p>Poco tiempo despu\u00e9s el grupo fue ubicado en Villa Ercilia, y la Polic\u00eda mont\u00f3 un operativo cerrojo en la zona que alborot\u00f3 al barrio. De repente se produjo una secuencia de pel\u00edcula que incluy\u00f3 gritos y corridas por los techos, todo bajo el seguimiento de un drone de vigilancia que permiti\u00f3 a los efectivos tener precisi\u00f3n sobre sus objetivos.<\/p>\n\n\n\n<p>La Polic\u00eda difundi\u00f3 posteriormente la secuencia del video tomado por el dispositivo a\u00e9reo, en la cual se pudo apreciar como uno de los Sol\u00eds hizo un desesperado intento de escapar por los techos, saltando entre casa y casa, hasta que los uniformados logran darle alcance y taclearlo para reducirlo. No obstante, al momento de llevarlo al patrullero, algunos individuos, vecinos del barrio, intentaron liberarlo, situaci\u00f3n que no pas\u00f3 a mayores.<\/p>\n\n\n\n<p>En dicho procedimiento fueron detenidos Nicol\u00e1s \u00abBet\u00fan\u00bb, Nadir y Ra\u00fal Alfredo, los hermanos Sol\u00eds, todos por su presunta participaci\u00f3n -dos de ellos se\u00f1alados directamente por las declaraciones de una de las v\u00edctimas y testigos- en la balacera que dej\u00f3 dos heridos, entre ellos a Herrera que lucha por su vida.<\/p>\n","protected":false},"excerpt":{"rendered":"<p>Momentos de extrema violencia se registraron en una de las zonas m\u00e1s \u00abpicantes\u00bb de Resistencia y que saldaron con dos personas en grave estado producto de las heridas de bala. Los hechos se fueron concatenando y en principio la informaci\u00f3n era confusa, al punto que parec\u00edan episodios diferentes. Sin embargo se pudo determinar que todo &hellip;<\/p>\n","protected":false},"author":2,"featured_media":105966,"comment_status":"open","ping_status":"open","sticky":false,"template":"","format":"standard","meta":{"_jetpack_memberships_contains_paid_content":false,"footnotes":"","jetpack_publicize_message":"","jetpack_publicize_feature_enabled":true,"jetpack_social_post_already_shared":true,"jetpack_social_options":{"image_generator_settings":{"template":"highway","default_image_id":0,"font":"","enabled":false},"version":2}},"categories":[5,8],"tags":[],"class_list":["post-105965","post","type-post","status-publish","format-standard","has-post-thumbnail","hentry","category-chaco","category-policiales"],"jetpack_publicize_connections":[],"jetpack_featured_media_url":"https:\/\/portalmovil.com.ar\/wp-content\/uploads\/2025\/02\/FB_IMG_1740406484296.jpg","jetpack_sharing_enabled":true,"amp_enabled":true,"_links":{"self":[{"href":"https:\/\/portalmovil.com.ar\/index.php\/wp-json\/wp\/v2\/posts\/105965","targetHints":{"allow":["GET"]}}],"collection":[{"href":"https:\/\/portalmovil.com.ar\/index.php\/wp-json\/wp\/v2\/posts"}],"about":[{"href":"https:\/\/portalmovil.com.ar\/index.php\/wp-json\/wp\/v2\/types\/post"}],"author":[{"embeddable":true,"href":"https:\/\/portalmovil.com.ar\/index.php\/wp-json\/wp\/v2\/users\/2"}],"replies":[{"embeddable":true,"href":"https:\/\/portalmovil.com.ar\/index.php\/wp-json\/wp\/v2\/comments?post=105965"}],"version-history":[{"count":1,"href":"https:\/\/portalmovil.com.ar\/index.php\/wp-json\/wp\/v2\/posts\/105965\/revisions"}],"predecessor-version":[{"id":105967,"href":"https:\/\/portalmovil.com.ar\/index.php\/wp-json\/wp\/v2\/posts\/105965\/revisions\/105967"}],"wp:featuredmedia":[{"embeddable":true,"href":"https:\/\/portalmovil.com.ar\/index.php\/wp-json\/wp\/v2\/media\/105966"}],"wp:attachment":[{"href":"https:\/\/portalmovil.com.ar\/index.php\/wp-json\/wp\/v2\/media?parent=105965"}],"wp:term":[{"taxonomy":"category","embeddable":true,"href":"https:\/\/portalmovil.com.ar\/index.php\/wp-json\/wp\/v2\/categories?post=105965"},{"taxonomy":"post_tag","embeddable":true,"href":"https:\/\/portalmovil.com.ar\/index.php\/wp-json\/wp\/v2\/tags?post=105965"}],"curies":[{"name":"wp","href":"https:\/\/api.w.org\/{rel}","templated":true}]}}