{"id":105940,"date":"2025-02-23T13:03:59","date_gmt":"2025-02-23T16:03:59","guid":{"rendered":"https:\/\/portalmovil.com.ar\/?p=105940"},"modified":"2025-02-23T13:04:24","modified_gmt":"2025-02-23T16:04:24","slug":"sameep-ejecuta-tareas-para-mejorar-el-caudal-de-agua-potable-en-concepcion-del-bermejo","status":"publish","type":"post","link":"https:\/\/portalmovil.com.ar\/index.php\/2025\/02\/23\/sameep-ejecuta-tareas-para-mejorar-el-caudal-de-agua-potable-en-concepcion-del-bermejo\/","title":{"rendered":"SAMEEP ejecuta tareas para mejorar el caudal de agua potable en Concepci\u00f3n del Bermejo"},"content":{"rendered":"\n<p>En\u00a0<strong>Concepci\u00f3n del Bermejo<\/strong>, funcionario de la empresa estatal, encabez\u00f3 una recorrida con el fin de\u00a0<strong>supervisar la distribuci\u00f3n de agua potable y continuar ejecutando acciones, para mejorar el servicio<\/strong>\u00a0\u00a0en las distintas zonas de la localidad.<\/p>\n\n\n\n<p>\u00abContinuamos trabajando en conjunto con los municipios,\u00a0<strong>supervisando el funcionamiento de las Plantas y la distribuci\u00f3n de agua potable<\/strong>\u00a0, garantizando con esto pol\u00edticas p\u00fablicas que impacten directamente en la vida cotidiana de los vecinos\u00bb, expres\u00f3 el vocal Guillermo Pereyra, acompa\u00f1ado durante la recorrida por el intendente Ra\u00fal Maldonado y el jefe de Zona II, Jos\u00e9 Mart\u00edn.<\/p>\n\n\n\n<p>La localidad cuenta actualmente con tres plantas de \u00f3smosis inversa.<\/p>\n","protected":false},"excerpt":{"rendered":"<p>En\u00a0Concepci\u00f3n del Bermejo, funcionario de la empresa estatal, encabez\u00f3 una recorrida con el fin de\u00a0supervisar la distribuci\u00f3n de agua potable y continuar ejecutando acciones, para mejorar el servicio\u00a0\u00a0en las distintas zonas de la localidad. \u00abContinuamos trabajando en conjunto con los municipios,\u00a0supervisando el funcionamiento de las Plantas y la distribuci\u00f3n de agua potable\u00a0, garantizando con esto &hellip;<\/p>\n","protected":false},"author":2,"featured_media":105941,"comment_status":"open","ping_status":"open","sticky":false,"template":"","format":"standard","meta":{"_jetpack_memberships_contains_paid_content":false,"footnotes":"","jetpack_publicize_message":"","jetpack_publicize_feature_enabled":true,"jetpack_social_post_already_shared":true,"jetpack_social_options":{"image_generator_settings":{"template":"highway","default_image_id":0,"font":"","enabled":false},"version":2}},"categories":[5,14],"tags":[],"class_list":["post-105940","post","type-post","status-publish","format-standard","has-post-thumbnail","hentry","category-chaco","category-politica"],"jetpack_publicize_connections":[],"jetpack_featured_media_url":"https:\/\/portalmovil.com.ar\/wp-content\/uploads\/2025\/02\/IMG-20250223-WA0025.jpg","jetpack_sharing_enabled":true,"amp_enabled":true,"_links":{"self":[{"href":"https:\/\/portalmovil.com.ar\/index.php\/wp-json\/wp\/v2\/posts\/105940","targetHints":{"allow":["GET"]}}],"collection":[{"href":"https:\/\/portalmovil.com.ar\/index.php\/wp-json\/wp\/v2\/posts"}],"about":[{"href":"https:\/\/portalmovil.com.ar\/index.php\/wp-json\/wp\/v2\/types\/post"}],"author":[{"embeddable":true,"href":"https:\/\/portalmovil.com.ar\/index.php\/wp-json\/wp\/v2\/users\/2"}],"replies":[{"embeddable":true,"href":"https:\/\/portalmovil.com.ar\/index.php\/wp-json\/wp\/v2\/comments?post=105940"}],"version-history":[{"count":1,"href":"https:\/\/portalmovil.com.ar\/index.php\/wp-json\/wp\/v2\/posts\/105940\/revisions"}],"predecessor-version":[{"id":105942,"href":"https:\/\/portalmovil.com.ar\/index.php\/wp-json\/wp\/v2\/posts\/105940\/revisions\/105942"}],"wp:featuredmedia":[{"embeddable":true,"href":"https:\/\/portalmovil.com.ar\/index.php\/wp-json\/wp\/v2\/media\/105941"}],"wp:attachment":[{"href":"https:\/\/portalmovil.com.ar\/index.php\/wp-json\/wp\/v2\/media?parent=105940"}],"wp:term":[{"taxonomy":"category","embeddable":true,"href":"https:\/\/portalmovil.com.ar\/index.php\/wp-json\/wp\/v2\/categories?post=105940"},{"taxonomy":"post_tag","embeddable":true,"href":"https:\/\/portalmovil.com.ar\/index.php\/wp-json\/wp\/v2\/tags?post=105940"}],"curies":[{"name":"wp","href":"https:\/\/api.w.org\/{rel}","templated":true}]}}