{"id":105812,"date":"2025-02-18T12:15:34","date_gmt":"2025-02-18T15:15:34","guid":{"rendered":"https:\/\/portalmovil.com.ar\/?p=105812"},"modified":"2025-02-18T12:15:36","modified_gmt":"2025-02-18T15:15:36","slug":"robo-un-carnet-de-discapacidad-y-quedo-detenida-en-barranqueras","status":"publish","type":"post","link":"https:\/\/portalmovil.com.ar\/index.php\/2025\/02\/18\/robo-un-carnet-de-discapacidad-y-quedo-detenida-en-barranqueras\/","title":{"rendered":"Rob\u00f3 un carnet de discapacidad y qued\u00f3 detenida en Barranqueras"},"content":{"rendered":"\n<p>En la madrugada de este martes, un hecho de inseguridad alter\u00f3 la tranquilidad de un domicilio ubicado en la calle C\u00f3rdoba al 4900, en la ciudad de Barranqueras. <\/p>\n\n\n\n<p>Un hombre denunci\u00f3 que dos personas ingresaron a su vivienda tras saltar los muros perimetrales y sustrajeron varios objetos personales.<\/p>\n\n\n\n<p>Seg\u00fan el relato del damnificado de 51 a\u00f1os, cerca de la 1:30 de la madrugada escuch\u00f3 ruidos en el patio de su casa y al salir a verificar, observ\u00f3 la presencia de una mujer que hab\u00eda saltado su reja, mientras que un hombre se encontraba dentro del patio trasero.<\/p>\n\n\n\n<p>Al percatarse de su presencia, los intrusos escaparon r\u00e1pidamente. Minutos despu\u00e9s, el damnificado not\u00f3 que la ventana corrediza que da al patio trasero estaba abierta y que le faltaban una tablet de 7 pulgadas de color verde, una billetera con tarjetas de d\u00e9bito, su DNI, su carnet de conducir y un carnet de discapacidad a nombre de Santiago Ariel Quir\u00f3s.<\/p>\n\n\n\n<p>Tras la denuncia, efectivos policiales de la Comisar\u00eda Segunda de Barranqueras iniciaron un operativo de b\u00fasqueda. Gracias a la revisi\u00f3n de c\u00e1maras de seguridad de la zona, se logr\u00f3 identificar a una de las presuntas autoras del hecho. Personal de la guardia, al circular por la intersecci\u00f3n de las calles 9 de Julio y Belgrano, divis\u00f3 a una mujer con caracter\u00edsticas similares a las observadas en el video. Al intentar identificarla, intent\u00f3 darse a la fuga, pero fue demorada a pocos metros.<\/p>\n\n\n\n<p>La mujer fue identificada como V.N.A, de 39 a\u00f1os, domiciliada en la misma ciudad. Al momento de su aprehensi\u00f3n, llevaba consigo una mochila que conten\u00eda un par de zapatillas, coincidiendo con las im\u00e1genes registradas por las c\u00e1maras. <\/p>\n\n\n\n<p>Posteriormente, fue trasladada a la Divisi\u00f3n Medicina Legal para los ex\u00e1menes correspondientes y luego alojada en la dependencia policial.El magistrado interviniente dispuso que la mujer sea identificada en la causa caratulada como \u00abSupuesto hurto con escalamiento\u00bb y se remitan sus antecedentes para evaluar los pasos a seguir en el proceso judicial.\u00a0<\/p>\n","protected":false},"excerpt":{"rendered":"<p>En la madrugada de este martes, un hecho de inseguridad alter\u00f3 la tranquilidad de un domicilio ubicado en la calle C\u00f3rdoba al 4900, en la ciudad de Barranqueras. Un hombre denunci\u00f3 que dos personas ingresaron a su vivienda tras saltar los muros perimetrales y sustrajeron varios objetos personales. Seg\u00fan el relato del damnificado de 51 &hellip;<\/p>\n","protected":false},"author":2,"featured_media":105813,"comment_status":"open","ping_status":"open","sticky":false,"template":"","format":"standard","meta":{"_jetpack_memberships_contains_paid_content":false,"footnotes":"","jetpack_publicize_message":"","jetpack_publicize_feature_enabled":true,"jetpack_social_post_already_shared":true,"jetpack_social_options":{"image_generator_settings":{"template":"highway","default_image_id":0,"font":"","enabled":false},"version":2}},"categories":[5,8],"tags":[],"class_list":["post-105812","post","type-post","status-publish","format-standard","has-post-thumbnail","hentry","category-chaco","category-policiales"],"jetpack_publicize_connections":[],"jetpack_featured_media_url":"https:\/\/portalmovil.com.ar\/wp-content\/uploads\/2025\/02\/629480w480h270c.jpg.webp","jetpack_sharing_enabled":true,"amp_enabled":true,"_links":{"self":[{"href":"https:\/\/portalmovil.com.ar\/index.php\/wp-json\/wp\/v2\/posts\/105812","targetHints":{"allow":["GET"]}}],"collection":[{"href":"https:\/\/portalmovil.com.ar\/index.php\/wp-json\/wp\/v2\/posts"}],"about":[{"href":"https:\/\/portalmovil.com.ar\/index.php\/wp-json\/wp\/v2\/types\/post"}],"author":[{"embeddable":true,"href":"https:\/\/portalmovil.com.ar\/index.php\/wp-json\/wp\/v2\/users\/2"}],"replies":[{"embeddable":true,"href":"https:\/\/portalmovil.com.ar\/index.php\/wp-json\/wp\/v2\/comments?post=105812"}],"version-history":[{"count":1,"href":"https:\/\/portalmovil.com.ar\/index.php\/wp-json\/wp\/v2\/posts\/105812\/revisions"}],"predecessor-version":[{"id":105814,"href":"https:\/\/portalmovil.com.ar\/index.php\/wp-json\/wp\/v2\/posts\/105812\/revisions\/105814"}],"wp:featuredmedia":[{"embeddable":true,"href":"https:\/\/portalmovil.com.ar\/index.php\/wp-json\/wp\/v2\/media\/105813"}],"wp:attachment":[{"href":"https:\/\/portalmovil.com.ar\/index.php\/wp-json\/wp\/v2\/media?parent=105812"}],"wp:term":[{"taxonomy":"category","embeddable":true,"href":"https:\/\/portalmovil.com.ar\/index.php\/wp-json\/wp\/v2\/categories?post=105812"},{"taxonomy":"post_tag","embeddable":true,"href":"https:\/\/portalmovil.com.ar\/index.php\/wp-json\/wp\/v2\/tags?post=105812"}],"curies":[{"name":"wp","href":"https:\/\/api.w.org\/{rel}","templated":true}]}}