{"id":105623,"date":"2025-02-10T09:06:52","date_gmt":"2025-02-10T12:06:52","guid":{"rendered":"https:\/\/portalmovil.com.ar\/?p=105623"},"modified":"2025-02-10T09:06:55","modified_gmt":"2025-02-10T12:06:55","slug":"el-motochorro-de-carla-retamozo-enfrentara-el-juicio-por-jurado-no-esta-loco","status":"publish","type":"post","link":"https:\/\/portalmovil.com.ar\/index.php\/2025\/02\/10\/el-motochorro-de-carla-retamozo-enfrentara-el-juicio-por-jurado-no-esta-loco\/","title":{"rendered":"El motochorro de Carla Retamozo enfrentar\u00e1 el juicio por jurado: \u00abNo est\u00e1 loco\u00bb"},"content":{"rendered":"\n<p>El juicio por jurados contra Marcelo Ortiz, imputado por el robo agravado que result\u00f3 en la muerte de la docente Carla Retamozo, ya tiene fecha de inicio: las audiencias se desarrollar\u00e1n entre el 25 y 28 de febrero, luego de que la Junta M\u00e9dica determinara que el acusado est\u00e1 en condiciones de afrontar el proceso.<\/p>\n\n\n\n<figure class=\"wp-block-image size-large\"><img loading=\"lazy\" decoding=\"async\" width=\"576\" height=\"1024\" src=\"https:\/\/portalmovil.com.ar\/wp-content\/uploads\/2025\/02\/1002021381-576x1024.jpg\" alt=\"\" class=\"wp-image-105624\" srcset=\"https:\/\/portalmovil.com.ar\/wp-content\/uploads\/2025\/02\/1002021381-576x1024.jpg 576w, https:\/\/portalmovil.com.ar\/wp-content\/uploads\/2025\/02\/1002021381-169x300.jpg 169w, https:\/\/portalmovil.com.ar\/wp-content\/uploads\/2025\/02\/1002021381.jpg 720w\" sizes=\"auto, (max-width: 576px) 100vw, 576px\" \/><\/figure>\n\n\n\n<p>El informe pericial, elaborado por un equipo interdisciplinario en el Instituto M\u00e9dico Forense, concluy\u00f3 que Ortiz no presenta alteraciones psiqui\u00e1tricas que le impidan comprender la naturaleza del juicio ni ejercer su defensa.<\/p>\n\n\n\n<p>El juicio por jurados comenzar\u00e1 el 25 de febrero, con la expectativa de definir la responsabilidad de Ortiz en la tr\u00e1gica muerte de la joven docente.<\/p>\n","protected":false},"excerpt":{"rendered":"<p>El juicio por jurados contra Marcelo Ortiz, imputado por el robo agravado que result\u00f3 en la muerte de la docente Carla Retamozo, ya tiene fecha de inicio: las audiencias se desarrollar\u00e1n entre el 25 y 28 de febrero, luego de que la Junta M\u00e9dica determinara que el acusado est\u00e1 en condiciones de afrontar el proceso. &hellip;<\/p>\n","protected":false},"author":2,"featured_media":105625,"comment_status":"open","ping_status":"open","sticky":false,"template":"","format":"standard","meta":{"_jetpack_memberships_contains_paid_content":false,"footnotes":"","jetpack_publicize_message":"","jetpack_publicize_feature_enabled":true,"jetpack_social_post_already_shared":true,"jetpack_social_options":{"image_generator_settings":{"template":"highway","default_image_id":0,"font":"","enabled":false},"version":2}},"categories":[5,50],"tags":[],"class_list":["post-105623","post","type-post","status-publish","format-standard","has-post-thumbnail","hentry","category-chaco","category-judiciales"],"jetpack_publicize_connections":[],"jetpack_featured_media_url":"https:\/\/portalmovil.com.ar\/wp-content\/uploads\/2025\/02\/FB_IMG_1739188932363.jpg","jetpack_sharing_enabled":true,"amp_enabled":true,"_links":{"self":[{"href":"https:\/\/portalmovil.com.ar\/index.php\/wp-json\/wp\/v2\/posts\/105623","targetHints":{"allow":["GET"]}}],"collection":[{"href":"https:\/\/portalmovil.com.ar\/index.php\/wp-json\/wp\/v2\/posts"}],"about":[{"href":"https:\/\/portalmovil.com.ar\/index.php\/wp-json\/wp\/v2\/types\/post"}],"author":[{"embeddable":true,"href":"https:\/\/portalmovil.com.ar\/index.php\/wp-json\/wp\/v2\/users\/2"}],"replies":[{"embeddable":true,"href":"https:\/\/portalmovil.com.ar\/index.php\/wp-json\/wp\/v2\/comments?post=105623"}],"version-history":[{"count":1,"href":"https:\/\/portalmovil.com.ar\/index.php\/wp-json\/wp\/v2\/posts\/105623\/revisions"}],"predecessor-version":[{"id":105626,"href":"https:\/\/portalmovil.com.ar\/index.php\/wp-json\/wp\/v2\/posts\/105623\/revisions\/105626"}],"wp:featuredmedia":[{"embeddable":true,"href":"https:\/\/portalmovil.com.ar\/index.php\/wp-json\/wp\/v2\/media\/105625"}],"wp:attachment":[{"href":"https:\/\/portalmovil.com.ar\/index.php\/wp-json\/wp\/v2\/media?parent=105623"}],"wp:term":[{"taxonomy":"category","embeddable":true,"href":"https:\/\/portalmovil.com.ar\/index.php\/wp-json\/wp\/v2\/categories?post=105623"},{"taxonomy":"post_tag","embeddable":true,"href":"https:\/\/portalmovil.com.ar\/index.php\/wp-json\/wp\/v2\/tags?post=105623"}],"curies":[{"name":"wp","href":"https:\/\/api.w.org\/{rel}","templated":true}]}}