{"id":105553,"date":"2025-02-07T09:09:32","date_gmt":"2025-02-07T12:09:32","guid":{"rendered":"https:\/\/portalmovil.com.ar\/?p=105553"},"modified":"2025-02-07T09:09:35","modified_gmt":"2025-02-07T12:09:35","slug":"educacion-presentaron-programas-para-que-jovenes-y-adultos-terminen-el-secundario","status":"publish","type":"post","link":"https:\/\/portalmovil.com.ar\/index.php\/2025\/02\/07\/educacion-presentaron-programas-para-que-jovenes-y-adultos-terminen-el-secundario\/","title":{"rendered":"Educaci\u00f3n: presentaron programas para que j\u00f3venes y adultos terminen el secundario"},"content":{"rendered":"\n<p>Con el marco del programa Aprender en Verano, el Ministerio de Educaci\u00f3n de la provincia del Chaco, elev\u00f3 una propuesta que alcanza a personas de 18 a\u00f1os en adelante.&nbsp;<\/p>\n\n\n\n<p>En la misma, se ofrece la posibilidad de que aquellos que adeudan materias del nivel secundario, puedan asistir a clases de tutor\u00edas y de esa manera nivelarse para rendir y poder aprobar las asignaturas pendientes y obtener la finalizaci\u00f3n del mismo.&nbsp;<\/p>\n\n\n\n<p>El cursado comenzar\u00e1 el 10 de febrero y se extender\u00e1 hasta el 3 de marzo. En total, habr\u00e1 46 establecimientos educativos, en todo el Chaco, que se adecuar\u00e1n a las tutor\u00edas. Por su parte, para anotarse, los interesados tendr\u00e1n que dirigirse a la oficina regional educativa, en la localidad en la que realizar\u00e1n los estudios.&nbsp;<\/p>\n","protected":false},"excerpt":{"rendered":"<p>Con el marco del programa Aprender en Verano, el Ministerio de Educaci\u00f3n de la provincia del Chaco, elev\u00f3 una propuesta que alcanza a personas de 18 a\u00f1os en adelante.&nbsp; En la misma, se ofrece la posibilidad de que aquellos que adeudan materias del nivel secundario, puedan asistir a clases de tutor\u00edas y de esa manera &hellip;<\/p>\n","protected":false},"author":2,"featured_media":11877,"comment_status":"open","ping_status":"open","sticky":false,"template":"","format":"standard","meta":{"_jetpack_memberships_contains_paid_content":false,"footnotes":"","jetpack_publicize_message":"","jetpack_publicize_feature_enabled":true,"jetpack_social_post_already_shared":true,"jetpack_social_options":{"image_generator_settings":{"template":"highway","default_image_id":0,"font":"","enabled":false},"version":2}},"categories":[5,14],"tags":[],"class_list":["post-105553","post","type-post","status-publish","format-standard","has-post-thumbnail","hentry","category-chaco","category-politica"],"jetpack_publicize_connections":[],"jetpack_featured_media_url":"https:\/\/portalmovil.com.ar\/wp-content\/uploads\/2020\/08\/37b8fe21-4db1-4bb4-86ae-bcbd254ef08a.jpg","jetpack_sharing_enabled":true,"amp_enabled":true,"_links":{"self":[{"href":"https:\/\/portalmovil.com.ar\/index.php\/wp-json\/wp\/v2\/posts\/105553","targetHints":{"allow":["GET"]}}],"collection":[{"href":"https:\/\/portalmovil.com.ar\/index.php\/wp-json\/wp\/v2\/posts"}],"about":[{"href":"https:\/\/portalmovil.com.ar\/index.php\/wp-json\/wp\/v2\/types\/post"}],"author":[{"embeddable":true,"href":"https:\/\/portalmovil.com.ar\/index.php\/wp-json\/wp\/v2\/users\/2"}],"replies":[{"embeddable":true,"href":"https:\/\/portalmovil.com.ar\/index.php\/wp-json\/wp\/v2\/comments?post=105553"}],"version-history":[{"count":1,"href":"https:\/\/portalmovil.com.ar\/index.php\/wp-json\/wp\/v2\/posts\/105553\/revisions"}],"predecessor-version":[{"id":105554,"href":"https:\/\/portalmovil.com.ar\/index.php\/wp-json\/wp\/v2\/posts\/105553\/revisions\/105554"}],"wp:featuredmedia":[{"embeddable":true,"href":"https:\/\/portalmovil.com.ar\/index.php\/wp-json\/wp\/v2\/media\/11877"}],"wp:attachment":[{"href":"https:\/\/portalmovil.com.ar\/index.php\/wp-json\/wp\/v2\/media?parent=105553"}],"wp:term":[{"taxonomy":"category","embeddable":true,"href":"https:\/\/portalmovil.com.ar\/index.php\/wp-json\/wp\/v2\/categories?post=105553"},{"taxonomy":"post_tag","embeddable":true,"href":"https:\/\/portalmovil.com.ar\/index.php\/wp-json\/wp\/v2\/tags?post=105553"}],"curies":[{"name":"wp","href":"https:\/\/api.w.org\/{rel}","templated":true}]}}