{"id":105480,"date":"2025-02-04T08:49:02","date_gmt":"2025-02-04T11:49:02","guid":{"rendered":"https:\/\/portalmovil.com.ar\/?p=105480"},"modified":"2025-02-04T08:49:04","modified_gmt":"2025-02-04T11:49:04","slug":"milei-la-ideologia-de-genero-conduce-al-abuso-son-pedofilos","status":"publish","type":"post","link":"https:\/\/portalmovil.com.ar\/index.php\/2025\/02\/04\/milei-la-ideologia-de-genero-conduce-al-abuso-son-pedofilos\/","title":{"rendered":"Milei: \u00abLa ideolog\u00eda de g\u00e9nero conduce al abuso; son ped\u00f3filos\u00bb"},"content":{"rendered":"\n<p>Tras la reciente <strong>Marcha Antifascista<\/strong> en todo el pa\u00eds, que se gest\u00f3 tras los dichos en el\u00a0<strong>Foro Econ\u00f3mico de Davos<\/strong>, el presidente\u00a0<strong>Javier Milei<\/strong>\u00a0se la pas\u00f3 intentando desmentir que llam\u00f3 ped\u00f3filos a los homosexuales, y este lunes brind\u00f3 una nueva explicaci\u00f3n al respecto, ratificando sus arremetidas contra la\u00a0<strong>comunidad LGBT<\/strong>.<\/p>\n\n\n\n<p><strong>\u00abLa ideolog\u00eda de g\u00e9nero, llevada al extremo, conduce al abuso; son ped\u00f3filos\u00bb<\/strong>, sostuvo el mandatario en Casa Rosada, durante una entrevista que le brind\u00f3 al oficialista Esteban Trebucq.<\/p>\n\n\n\n<p>El libertario asegur\u00f3 que no vio la marcha porque se \u00abdedic\u00f3 a trabajar\u00bb, e insisti\u00f3 en que la marcha se gest\u00f3 por una edici\u00f3n de su discurso en Davos. \u00abMe da pena que sigan enga\u00f1ando a la gente. Es muy parecido a lo que pas\u00f3 con la Marcha Universitaria. Inventaron una mentira: editaron parte de mi discurso en Davos\u00bb, sostuvo<\/p>\n\n\n\n<p>\u00abTomaron uno de los ejemplos, de 14 segundos, y pusieron un remato. A partir de construir esa mentira, los medios que est\u00e1n desesperados porque les suspend\u00ed la pauta oficial y son odiadores, se sumaron a la mentira y a partir de eso se palanquea la marcha y terminan apareciendo las mismas caras siniestras de siempre\u00bb, relat\u00f3 el mandatario.<\/p>\n\n\n\n<p>Milei asegur\u00f3 que \u00abm\u00e1s all\u00e1 de c\u00f3mo se pudieron haber sentido aquellos seres humanos que est\u00e1n involucrados que es con el LGBT\u00bb, en la movilizaci\u00f3n \u00abaparecieron las mismas caras de siempre\u00bb.<\/p>\n\n\n\n<p>\u00abAparecieron los sindicalistas, quiero saber cu\u00e1l es la relaci\u00f3n de los sindicalistas y dicho grupo. Apareci\u00f3 el gobernador de la provincia de Buenos Aires. Hay un asesinato cada 5 d\u00edas, la Provincia es un ba\u00f1o de sangre y sin embargo aparece a hacer ruido&nbsp;<\/p>\n","protected":false},"excerpt":{"rendered":"<p>Tras la reciente Marcha Antifascista en todo el pa\u00eds, que se gest\u00f3 tras los dichos en el\u00a0Foro Econ\u00f3mico de Davos, el presidente\u00a0Javier Milei\u00a0se la pas\u00f3 intentando desmentir que llam\u00f3 ped\u00f3filos a los homosexuales, y este lunes brind\u00f3 una nueva explicaci\u00f3n al respecto, ratificando sus arremetidas contra la\u00a0comunidad LGBT. \u00abLa ideolog\u00eda de g\u00e9nero, llevada al extremo, &hellip;<\/p>\n","protected":false},"author":2,"featured_media":105481,"comment_status":"open","ping_status":"open","sticky":false,"template":"","format":"standard","meta":{"_jetpack_memberships_contains_paid_content":false,"footnotes":"","jetpack_publicize_message":"","jetpack_publicize_feature_enabled":true,"jetpack_social_post_already_shared":true,"jetpack_social_options":{"image_generator_settings":{"template":"highway","default_image_id":0,"font":"","enabled":false},"version":2}},"categories":[639,14],"tags":[],"class_list":["post-105480","post","type-post","status-publish","format-standard","has-post-thumbnail","hentry","category-argentina","category-politica"],"jetpack_publicize_connections":[],"jetpack_featured_media_url":"https:\/\/portalmovil.com.ar\/wp-content\/uploads\/2025\/02\/881078-gay-20foto-20na.jpg","jetpack_sharing_enabled":true,"amp_enabled":true,"_links":{"self":[{"href":"https:\/\/portalmovil.com.ar\/index.php\/wp-json\/wp\/v2\/posts\/105480","targetHints":{"allow":["GET"]}}],"collection":[{"href":"https:\/\/portalmovil.com.ar\/index.php\/wp-json\/wp\/v2\/posts"}],"about":[{"href":"https:\/\/portalmovil.com.ar\/index.php\/wp-json\/wp\/v2\/types\/post"}],"author":[{"embeddable":true,"href":"https:\/\/portalmovil.com.ar\/index.php\/wp-json\/wp\/v2\/users\/2"}],"replies":[{"embeddable":true,"href":"https:\/\/portalmovil.com.ar\/index.php\/wp-json\/wp\/v2\/comments?post=105480"}],"version-history":[{"count":1,"href":"https:\/\/portalmovil.com.ar\/index.php\/wp-json\/wp\/v2\/posts\/105480\/revisions"}],"predecessor-version":[{"id":105482,"href":"https:\/\/portalmovil.com.ar\/index.php\/wp-json\/wp\/v2\/posts\/105480\/revisions\/105482"}],"wp:featuredmedia":[{"embeddable":true,"href":"https:\/\/portalmovil.com.ar\/index.php\/wp-json\/wp\/v2\/media\/105481"}],"wp:attachment":[{"href":"https:\/\/portalmovil.com.ar\/index.php\/wp-json\/wp\/v2\/media?parent=105480"}],"wp:term":[{"taxonomy":"category","embeddable":true,"href":"https:\/\/portalmovil.com.ar\/index.php\/wp-json\/wp\/v2\/categories?post=105480"},{"taxonomy":"post_tag","embeddable":true,"href":"https:\/\/portalmovil.com.ar\/index.php\/wp-json\/wp\/v2\/tags?post=105480"}],"curies":[{"name":"wp","href":"https:\/\/api.w.org\/{rel}","templated":true}]}}