{"id":105389,"date":"2025-01-30T19:03:19","date_gmt":"2025-01-30T22:03:19","guid":{"rendered":"https:\/\/portalmovil.com.ar\/?p=105389"},"modified":"2025-01-30T19:03:21","modified_gmt":"2025-01-30T22:03:21","slug":"magda-ayala-paga-salarios-a-sus-trabajadores","status":"publish","type":"post","link":"https:\/\/portalmovil.com.ar\/index.php\/2025\/01\/30\/magda-ayala-paga-salarios-a-sus-trabajadores\/","title":{"rendered":"Magda Ayala paga salarios a sus trabajadores"},"content":{"rendered":"\n<h3 class=\"wp-block-heading\"><strong>La intendente de Barranqueras, Magda Ayala, anunci\u00f3 que este viernes 31, a partir del mediod\u00eda, estar\u00e1n acreditados los salarios de todos los trabajadores del Municipio, cualquiera sea su categor\u00eda.<\/strong>&nbsp;<\/h3>\n\n\n\n<p>\u00abEn este nuevo a\u00f1o de gesti\u00f3n, reivindicamos nuestra responsabilidad de garantizar el bienestar de cada trabajador\u00bb, expres\u00f3 la jefa comunal.<\/p>\n\n\n\n<p>\u00abJunto a cada uno de ellos seguimos atendiendo nuestra comunidad y forjando una Barranqueras m\u00e1s humana\u00bb, concluy\u00f3.<\/p>\n","protected":false},"excerpt":{"rendered":"<p>La intendente de Barranqueras, Magda Ayala, anunci\u00f3 que este viernes 31, a partir del mediod\u00eda, estar\u00e1n acreditados los salarios de todos los trabajadores del Municipio, cualquiera sea su categor\u00eda.&nbsp; \u00abEn este nuevo a\u00f1o de gesti\u00f3n, reivindicamos nuestra responsabilidad de garantizar el bienestar de cada trabajador\u00bb, expres\u00f3 la jefa comunal. \u00abJunto a cada uno de ellos &hellip;<\/p>\n","protected":false},"author":2,"featured_media":105390,"comment_status":"open","ping_status":"open","sticky":false,"template":"","format":"standard","meta":{"_jetpack_memberships_contains_paid_content":false,"footnotes":"","jetpack_publicize_message":"","jetpack_publicize_feature_enabled":true,"jetpack_social_post_already_shared":true,"jetpack_social_options":{"image_generator_settings":{"template":"highway","default_image_id":0,"font":"","enabled":false},"version":2}},"categories":[5,14],"tags":[],"class_list":["post-105389","post","type-post","status-publish","format-standard","has-post-thumbnail","hentry","category-chaco","category-politica"],"jetpack_publicize_connections":[],"jetpack_featured_media_url":"https:\/\/portalmovil.com.ar\/wp-content\/uploads\/2025\/01\/Magda2021.webp","jetpack_sharing_enabled":true,"amp_enabled":true,"_links":{"self":[{"href":"https:\/\/portalmovil.com.ar\/index.php\/wp-json\/wp\/v2\/posts\/105389","targetHints":{"allow":["GET"]}}],"collection":[{"href":"https:\/\/portalmovil.com.ar\/index.php\/wp-json\/wp\/v2\/posts"}],"about":[{"href":"https:\/\/portalmovil.com.ar\/index.php\/wp-json\/wp\/v2\/types\/post"}],"author":[{"embeddable":true,"href":"https:\/\/portalmovil.com.ar\/index.php\/wp-json\/wp\/v2\/users\/2"}],"replies":[{"embeddable":true,"href":"https:\/\/portalmovil.com.ar\/index.php\/wp-json\/wp\/v2\/comments?post=105389"}],"version-history":[{"count":1,"href":"https:\/\/portalmovil.com.ar\/index.php\/wp-json\/wp\/v2\/posts\/105389\/revisions"}],"predecessor-version":[{"id":105391,"href":"https:\/\/portalmovil.com.ar\/index.php\/wp-json\/wp\/v2\/posts\/105389\/revisions\/105391"}],"wp:featuredmedia":[{"embeddable":true,"href":"https:\/\/portalmovil.com.ar\/index.php\/wp-json\/wp\/v2\/media\/105390"}],"wp:attachment":[{"href":"https:\/\/portalmovil.com.ar\/index.php\/wp-json\/wp\/v2\/media?parent=105389"}],"wp:term":[{"taxonomy":"category","embeddable":true,"href":"https:\/\/portalmovil.com.ar\/index.php\/wp-json\/wp\/v2\/categories?post=105389"},{"taxonomy":"post_tag","embeddable":true,"href":"https:\/\/portalmovil.com.ar\/index.php\/wp-json\/wp\/v2\/tags?post=105389"}],"curies":[{"name":"wp","href":"https:\/\/api.w.org\/{rel}","templated":true}]}}