{"id":105253,"date":"2025-01-22T08:48:11","date_gmt":"2025-01-22T11:48:11","guid":{"rendered":"https:\/\/portalmovil.com.ar\/?p=105253"},"modified":"2025-01-22T08:48:15","modified_gmt":"2025-01-22T11:48:15","slug":"zdero-solicito-a-milei-la-baja-de-retenciones-para-el-campo","status":"publish","type":"post","link":"https:\/\/portalmovil.com.ar\/index.php\/2025\/01\/22\/zdero-solicito-a-milei-la-baja-de-retenciones-para-el-campo\/","title":{"rendered":"Zdero solicit\u00f3 a Milei la baja de retenciones para el campo"},"content":{"rendered":"\n<h3 class=\"wp-block-heading\"><strong>En el marco de la reuni\u00f3n prevista entre el gobierno nacional y el campo, el gobernador del Chaco, Leandro Zdero, volvi\u00f3 a manifestar su acompa\u00f1amiento al sector y a solicitar que se lo alivie de las retenciones.<\/strong>&nbsp;<\/h3>\n\n\n\n<p><strong>\u00abChaco fue la \u00fanica provincia del pa\u00eds que ha suspendido impuestos para el sector como, por ejemplo, el impuesto inmobiliario rural hasta 500 hect\u00e1reas, para beneficiar a peque\u00f1os y medianos productores.<\/strong>&nbsp;Tambi\u00e9n lo hicimos en ingresos brutos durante 12 meses para todas las actividades que se inician. M\u00e1s all\u00e1 de ser una de las provincias m\u00e1s endeudadas del pa\u00eds, hemos tenido una mirada al sector no solamente en este alivio, sino que adem\u00e1s brindamos cr\u00e9ditos al sector, con recursos propios a trav\u00e9s de herramientas como fiduciaria el Norte y Banco el Chaco\u00bb, indic\u00f3 el gobernador.<\/p>\n\n\n\n<p><strong>\u00abA pesar de la estrechez econ\u00f3mica, se hizo un gran esfuerzo en la provincia para llegar con la asistencia a los productores para que puedan sembrar.<\/strong>&nbsp;Siempre apoyamos a nuestros productores, es fundamental que se tomen medidas y se puedan abordar los problemas que hoy enfrentan, entre ellos, los precios internacionales bajos, una sequ\u00eda hist\u00f3rica en todo el pa\u00eds, el aumento del combustible y tambi\u00e9n las retenciones\u00bb, detall\u00f3 el mandatario.<\/p>\n\n\n\n<p>Por otra parte,&nbsp;<strong>Zdero destac\u00f3 que \u00abnuestra alianza es con el campo\u00bb y no los consideramos \u00abenemigos\u00bb como lo hac\u00edan antes.<\/strong><\/p>\n\n\n\n<p><strong>\u00abValoramos el esfuerzo de las familias, que trabajan sus chacras de sol a sol; por eso considero fundamental que se bajen las retenciones, porque no pueden seguir soportando esta carga fiscal y productiva<\/strong>. Desde nuestra gesti\u00f3n, vamos a continuar con las l\u00edneas de cr\u00e9ditos, con la vuelta del Progano, la mejora de los caminos rurales, la conectividad y la seguridad para nuestros productores, ante los hechos delictivos que se producen en algunos lugares. Esperamos, que luego de este encuentro en Buenos Aires con las autoridades nacionales, lleguen las buenas noticias para el sector agropecuario\u00bb, se\u00f1al\u00f3.<\/p>\n\n\n\n<h3 class=\"wp-block-heading\"><strong>ZIMMERMANN CON ENTIDADES RURALES<\/strong><\/h3>\n\n\n\n<p>Zdero remarc\u00f3 tambi\u00e9n \u00abque el campo dinamiza nuestra econom\u00eda y si al campo le va bien, le va bien a cada una de las ciudades de la provincia\u00bb.<\/p>\n\n\n\n<p>Por \u00faltimo, adelant\u00f3 que el ministro de la cartera productiva del Chaco, V\u00edctor Zimmermann, mantendr\u00e1 reuniones con entidades rurales la pr\u00f3xima semana, a efectos de requerir rentabilidad para el sector.<\/p>\n","protected":false},"excerpt":{"rendered":"<p>En el marco de la reuni\u00f3n prevista entre el gobierno nacional y el campo, el gobernador del Chaco, Leandro Zdero, volvi\u00f3 a manifestar su acompa\u00f1amiento al sector y a solicitar que se lo alivie de las retenciones.&nbsp; \u00abChaco fue la \u00fanica provincia del pa\u00eds que ha suspendido impuestos para el sector como, por ejemplo, el &hellip;<\/p>\n","protected":false},"author":2,"featured_media":105254,"comment_status":"open","ping_status":"open","sticky":false,"template":"","format":"standard","meta":{"_jetpack_memberships_contains_paid_content":false,"footnotes":"","jetpack_publicize_message":"","jetpack_publicize_feature_enabled":true,"jetpack_social_post_already_shared":true,"jetpack_social_options":{"image_generator_settings":{"template":"highway","default_image_id":0,"font":"","enabled":false},"version":2}},"categories":[5,14,12],"tags":[],"class_list":["post-105253","post","type-post","status-publish","format-standard","has-post-thumbnail","hentry","category-chaco","category-politica","category-ultimo"],"jetpack_publicize_connections":[],"jetpack_featured_media_url":"https:\/\/portalmovil.com.ar\/wp-content\/uploads\/2025\/01\/FB_IMG_1737546348026.jpg","jetpack_sharing_enabled":true,"amp_enabled":true,"_links":{"self":[{"href":"https:\/\/portalmovil.com.ar\/index.php\/wp-json\/wp\/v2\/posts\/105253","targetHints":{"allow":["GET"]}}],"collection":[{"href":"https:\/\/portalmovil.com.ar\/index.php\/wp-json\/wp\/v2\/posts"}],"about":[{"href":"https:\/\/portalmovil.com.ar\/index.php\/wp-json\/wp\/v2\/types\/post"}],"author":[{"embeddable":true,"href":"https:\/\/portalmovil.com.ar\/index.php\/wp-json\/wp\/v2\/users\/2"}],"replies":[{"embeddable":true,"href":"https:\/\/portalmovil.com.ar\/index.php\/wp-json\/wp\/v2\/comments?post=105253"}],"version-history":[{"count":1,"href":"https:\/\/portalmovil.com.ar\/index.php\/wp-json\/wp\/v2\/posts\/105253\/revisions"}],"predecessor-version":[{"id":105255,"href":"https:\/\/portalmovil.com.ar\/index.php\/wp-json\/wp\/v2\/posts\/105253\/revisions\/105255"}],"wp:featuredmedia":[{"embeddable":true,"href":"https:\/\/portalmovil.com.ar\/index.php\/wp-json\/wp\/v2\/media\/105254"}],"wp:attachment":[{"href":"https:\/\/portalmovil.com.ar\/index.php\/wp-json\/wp\/v2\/media?parent=105253"}],"wp:term":[{"taxonomy":"category","embeddable":true,"href":"https:\/\/portalmovil.com.ar\/index.php\/wp-json\/wp\/v2\/categories?post=105253"},{"taxonomy":"post_tag","embeddable":true,"href":"https:\/\/portalmovil.com.ar\/index.php\/wp-json\/wp\/v2\/tags?post=105253"}],"curies":[{"name":"wp","href":"https:\/\/api.w.org\/{rel}","templated":true}]}}