{"id":105185,"date":"2025-01-17T09:33:27","date_gmt":"2025-01-17T12:33:27","guid":{"rendered":"https:\/\/portalmovil.com.ar\/?p=105185"},"modified":"2025-01-17T09:33:30","modified_gmt":"2025-01-17T12:33:30","slug":"una-adolescente-murio-al-caerse-de-su-motocicleta-en-la-escondida","status":"publish","type":"post","link":"https:\/\/portalmovil.com.ar\/index.php\/2025\/01\/17\/una-adolescente-murio-al-caerse-de-su-motocicleta-en-la-escondida\/","title":{"rendered":"Una adolescente muri\u00f3 al caerse de su motocicleta en La Escondida"},"content":{"rendered":"\n<p>El accidente ocurri\u00f3 en el barrio 100 Viviendas. La menor sufri\u00f3 lesiones graves que le costaron la vida tras la ca\u00edda, mientras que su acompa\u00f1ante sali\u00f3 ileso.<\/p>\n\n\n\n<p>Una&nbsp;<strong>adolescente&nbsp;<\/strong>de&nbsp;<strong>13 a\u00f1os falleci\u00f3&nbsp;<\/strong>en un tr\u00e1gico&nbsp;<strong>accidente&nbsp;<\/strong>ocurrido en el&nbsp;<strong>barrio 100 Viviendas&nbsp;<\/strong>de La Escondida. El hecho tuvo lugar en la<strong>&nbsp;tarde del jueves<\/strong>, cuando&nbsp;<strong>la menor se desplazaba en una motocicleta de 110 c.c. junto a un joven de 15 a\u00f1os<\/strong>. Por causas que a\u00fan se investigan,<strong>&nbsp;ambos perdieron el control del rodado<\/strong>, lo que provoc\u00f3 una ca\u00edda en la que la joven sufri\u00f3 lesiones graves.&nbsp;&nbsp;<\/p>\n\n\n\n<p><strong>La menor fue trasladada de urgencia al Hospital Pedi\u00e1trico \u00abDr. Avelino Castel\u00e1n\u00bb de Resistencia&nbsp;<\/strong>tras recibir atenci\u00f3n inicial en el hospital local. Seg\u00fan los reportes m\u00e9dicos,&nbsp;<strong>presentaba traumatismo enc\u00e9falo craneano grave, traumatismo de t\u00f3rax y m\u00faltiples fracturas<\/strong>. Pese a los esfuerzos del personal sanitario,&nbsp;<strong>la adolescente falleci\u00f3 a las 21:45 horas<\/strong>. Por su parte,<strong>&nbsp;el acompa\u00f1ante, quien result\u00f3 ileso, fue atendido preventivamente<\/strong>&nbsp;y dado de alta tras ser evaluado.&nbsp;&nbsp;<\/p>\n\n\n\n<p><strong>En el lugar del siniestro, frente al hospital local, no se hall\u00f3 inicialmente la motocicleta involucrada<\/strong>. Horas m\u00e1s tarde,<strong>&nbsp;un hermano del joven que acompa\u00f1aba a la menor entreg\u00f3 voluntariamente el veh\u00edculo<\/strong>, una Corven de 110 c.c., a las autoridades. Este fue secuestrado por la Divisi\u00f3n Criminal\u00edstica para la realizaci\u00f3n de las pericias correspondientes, que permitir\u00e1n esclarecer las causas del accidente.&nbsp;&nbsp;<\/p>\n\n\n\n<p>La Fiscal\u00eda de Investigaci\u00f3n Penal N\u00b0 1 tom\u00f3 intervenci\u00f3n en el caso, caratulando el hecho como \u201c<strong>Supuesto Homicidio Culposo en Accidente de Tr\u00e1nsito<\/strong>\u201d. Adem\u00e1s, dispuso la notificaci\u00f3n a los familiares, la realizaci\u00f3n de peritajes y la entrega del cuerpo de la menor a sus allegados<\/p>\n\n\n\n<p>Por su parte, el\u00a0<strong>intendente\u00a0<\/strong>de la localidad,<strong>\u00a0Alfredo Caballero<\/strong>,\u00a0<strong>declar\u00f3 para hoy una jornada de duelo y asueto\u00a0<\/strong>para todo el personal de planta permanente, contratado y autoridades, a ra\u00edz de que\u00a0<strong>la joven fallecida era hija de un empleado de la Municipalidad<\/strong>.<\/p>\n\n\n\n<figure class=\"wp-block-image size-large\"><img loading=\"lazy\" decoding=\"async\" width=\"1024\" height=\"768\" src=\"https:\/\/portalmovil.com.ar\/wp-content\/uploads\/2025\/01\/1001905731-1024x768.jpg\" alt=\"\" class=\"wp-image-105186\" srcset=\"https:\/\/portalmovil.com.ar\/wp-content\/uploads\/2025\/01\/1001905731-1024x768.jpg 1024w, https:\/\/portalmovil.com.ar\/wp-content\/uploads\/2025\/01\/1001905731-300x225.jpg 300w, https:\/\/portalmovil.com.ar\/wp-content\/uploads\/2025\/01\/1001905731-768x576.jpg 768w, https:\/\/portalmovil.com.ar\/wp-content\/uploads\/2025\/01\/1001905731-1536x1152.jpg 1536w, https:\/\/portalmovil.com.ar\/wp-content\/uploads\/2025\/01\/1001905731.jpg 1920w\" sizes=\"auto, (max-width: 1024px) 100vw, 1024px\" \/><\/figure>\n","protected":false},"excerpt":{"rendered":"<p>El accidente ocurri\u00f3 en el barrio 100 Viviendas. La menor sufri\u00f3 lesiones graves que le costaron la vida tras la ca\u00edda, mientras que su acompa\u00f1ante sali\u00f3 ileso. Una&nbsp;adolescente&nbsp;de&nbsp;13 a\u00f1os falleci\u00f3&nbsp;en un tr\u00e1gico&nbsp;accidente&nbsp;ocurrido en el&nbsp;barrio 100 Viviendas&nbsp;de La Escondida. El hecho tuvo lugar en la&nbsp;tarde del jueves, cuando&nbsp;la menor se desplazaba en una motocicleta de 110 &hellip;<\/p>\n","protected":false},"author":2,"featured_media":105187,"comment_status":"open","ping_status":"open","sticky":false,"template":"","format":"standard","meta":{"_jetpack_memberships_contains_paid_content":false,"footnotes":"","jetpack_publicize_message":"","jetpack_publicize_feature_enabled":true,"jetpack_social_post_already_shared":true,"jetpack_social_options":{"image_generator_settings":{"template":"highway","default_image_id":0,"font":"","enabled":false},"version":2}},"categories":[5,8],"tags":[],"class_list":["post-105185","post","type-post","status-publish","format-standard","has-post-thumbnail","hentry","category-chaco","category-policiales"],"jetpack_publicize_connections":[],"jetpack_featured_media_url":"https:\/\/portalmovil.com.ar\/wp-content\/uploads\/2025\/01\/208103_grande.jpg","jetpack_sharing_enabled":true,"amp_enabled":true,"_links":{"self":[{"href":"https:\/\/portalmovil.com.ar\/index.php\/wp-json\/wp\/v2\/posts\/105185","targetHints":{"allow":["GET"]}}],"collection":[{"href":"https:\/\/portalmovil.com.ar\/index.php\/wp-json\/wp\/v2\/posts"}],"about":[{"href":"https:\/\/portalmovil.com.ar\/index.php\/wp-json\/wp\/v2\/types\/post"}],"author":[{"embeddable":true,"href":"https:\/\/portalmovil.com.ar\/index.php\/wp-json\/wp\/v2\/users\/2"}],"replies":[{"embeddable":true,"href":"https:\/\/portalmovil.com.ar\/index.php\/wp-json\/wp\/v2\/comments?post=105185"}],"version-history":[{"count":1,"href":"https:\/\/portalmovil.com.ar\/index.php\/wp-json\/wp\/v2\/posts\/105185\/revisions"}],"predecessor-version":[{"id":105188,"href":"https:\/\/portalmovil.com.ar\/index.php\/wp-json\/wp\/v2\/posts\/105185\/revisions\/105188"}],"wp:featuredmedia":[{"embeddable":true,"href":"https:\/\/portalmovil.com.ar\/index.php\/wp-json\/wp\/v2\/media\/105187"}],"wp:attachment":[{"href":"https:\/\/portalmovil.com.ar\/index.php\/wp-json\/wp\/v2\/media?parent=105185"}],"wp:term":[{"taxonomy":"category","embeddable":true,"href":"https:\/\/portalmovil.com.ar\/index.php\/wp-json\/wp\/v2\/categories?post=105185"},{"taxonomy":"post_tag","embeddable":true,"href":"https:\/\/portalmovil.com.ar\/index.php\/wp-json\/wp\/v2\/tags?post=105185"}],"curies":[{"name":"wp","href":"https:\/\/api.w.org\/{rel}","templated":true}]}}