{"id":105066,"date":"2025-01-10T17:21:15","date_gmt":"2025-01-10T20:21:15","guid":{"rendered":"https:\/\/portalmovil.com.ar\/?p=105066"},"modified":"2025-01-10T17:21:19","modified_gmt":"2025-01-10T20:21:19","slug":"catamarca-un-juez-de-catamarca-llevo-a-su-hija-en-el-baul-del-auto","status":"publish","type":"post","link":"https:\/\/portalmovil.com.ar\/index.php\/2025\/01\/10\/catamarca-un-juez-de-catamarca-llevo-a-su-hija-en-el-baul-del-auto\/","title":{"rendered":"Catamarca: Un juez de Catamarca llev\u00f3 a su hija en el ba\u00fal del auto"},"content":{"rendered":"\n<p>Un juez de la provincia de&nbsp;<strong>Catamarca&nbsp;<\/strong>llev\u00f3 a su hija en el ba\u00fal del auto y todo qued\u00f3 grabado en un&nbsp;<strong>video<\/strong>. El ins\u00f3lito episodio gener\u00f3 pol\u00e9mica luego de que la filmaci\u00f3n se difundiera en las redes sociales.<\/p>\n\n\n\n<figure class=\"wp-block-video\"><video height=\"720\" style=\"aspect-ratio: 1080 \/ 720;\" width=\"1080\" controls src=\"https:\/\/portalmovil.com.ar\/wp-content\/uploads\/2025\/01\/1001875176.mp4\"><\/video><\/figure>\n\n\n\n<p>El hecho ocurri\u00f3 el pasado 6 de enero la Ruta Provincial N.\u00ba 4, en la localidad de Las Rejas, ante la presencia de un agente policial de la caminera, que presenci\u00f3 toda la situaci\u00f3n en un control de tr\u00e1nsito.<\/p>\n\n\n\n<p>Se trata de&nbsp;<strong>Fabricio Gershani Quesada<\/strong>, a cargo del&nbsp;<strong>Juzgado Penal Juvenil&nbsp;<\/strong>de Catamarca.<\/p>\n\n\n\n<p>El video fue grabado por el conductor de un veh\u00edculo que viajaba detr\u00e1s del auto marca Peugeot en el que se movilizaba el magistrado junto a su hija, que&nbsp;<strong>iba en la parte trasera, con el ba\u00fal abierto.&nbsp;<\/strong>En la secuencia incluso<strong>&nbsp;se puede ver a la menor saludando&nbsp;<\/strong>mientras estaba recostada al lado de algunos&nbsp;<strong>materiales de construcci\u00f3n.<\/strong><\/p>\n\n\n\n<p>Luego de que el video se viralizara en las redes sociales, el magistrado habl\u00f3 y reconoci\u00f3 su imprudencia:&nbsp;<strong>\u201cComet\u00ed un error\u201d<\/strong>, dijo tras ser criticado duramente por su accionar. \u201cTenemos que velar por la seguridad de nuestros hijos. Con el diario del lunes me doy cuenta de que podr\u00eda haber hecho muchas otras cosas que no sean eso. Afortunadamente, no pas\u00f3 nada, si no me lamentar\u00eda le resto de mi vida\u201d, asegur\u00f3.<\/p>\n\n\n\n<p>\u201cSi bien es un tema de \u00edndole personal, que hace a mi responsabilidad o irresponsabilidad en este caso como padre, soy una persona p\u00fablica y es mi obligaci\u00f3n dar las explicaciones del caso, aunque me perjudique\u201d, dijo Gershani Quesada en di\u00e1logo con el medio local&nbsp;<em>El Esqui\u00fa.<\/em><\/p>\n\n\n\n<p>El titular del Juzgado Penal Juvenil de Catamarca explic\u00f3 que aquel 6 de enero hab\u00eda ido a comprar unos materiales y su hija, que hab\u00eda llegado a la provincia desde Tucum\u00e1n con motivo del d\u00eda de los Reyes Magos, quiso acompa\u00f1arlo. Al no haber m\u00e1s lugar en el auto debido a las compras, decidi\u00f3 plegar los asientos traseros y pedirle a la ni\u00f1a que se sentara all\u00ed.<\/p>\n\n\n\n<p>\u201cEse d\u00eda sal\u00ed de trabajar, fui a un corral\u00f3n y retir\u00e9 unos materiales. En ese momento lleg\u00f3 mi ni\u00f1a de Tucum\u00e1n, por el D\u00eda de Reyes, y pidi\u00f3 ir conmigo. La pas\u00e9 a buscar y no fuimos\u201d, sostuvo.<\/p>\n\n\n\n<p>Pese a la infracci\u00f3n, el personal policial permiti\u00f3 que continuara su trayecto sin intervenir. Ante esto, el juez expres\u00f3:&nbsp;<strong>\u201cHoy estoy ac\u00e1 para pedir disculpas, especialmente al personal policial porque ha sido muy atacado en las redes sociales, como si hubieran hecho la vista gorda, y no es as\u00ed\u201d<\/strong>, y asegur\u00f3 que \u00abel personal actu\u00f3 con comprensi\u00f3n y empat\u00eda, no con desaprensi\u00f3n. Me dejaron pasar porque me dirig\u00eda a mi casa, que queda cerca del puesto caminero\u201d.<\/p>\n\n\n\n<p>Adem\u00e1s, le pidi\u00f3 disculpas a la madre de su hija: \u201cSe angusti\u00f3 de una manera incre\u00edble con todo esto y no est\u00e1 para recibir angustias\u201d.<\/p>\n","protected":false},"excerpt":{"rendered":"<p>Un juez de la provincia de&nbsp;Catamarca&nbsp;llev\u00f3 a su hija en el ba\u00fal del auto y todo qued\u00f3 grabado en un&nbsp;video. El ins\u00f3lito episodio gener\u00f3 pol\u00e9mica luego de que la filmaci\u00f3n se difundiera en las redes sociales. El hecho ocurri\u00f3 el pasado 6 de enero la Ruta Provincial N.\u00ba 4, en la localidad de Las Rejas, &hellip;<\/p>\n","protected":false},"author":2,"featured_media":105069,"comment_status":"open","ping_status":"open","sticky":false,"template":"","format":"standard","meta":{"_jetpack_memberships_contains_paid_content":false,"footnotes":"","jetpack_publicize_message":"","jetpack_publicize_feature_enabled":true,"jetpack_social_post_already_shared":true,"jetpack_social_options":{"image_generator_settings":{"template":"highway","default_image_id":0,"font":"","enabled":false},"version":2}},"categories":[639,3],"tags":[],"class_list":["post-105066","post","type-post","status-publish","format-standard","has-post-thumbnail","hentry","category-argentina","category-sociedad"],"jetpack_publicize_connections":[],"jetpack_featured_media_url":"https:\/\/portalmovil.com.ar\/wp-content\/uploads\/2025\/01\/20250110_171930.jpg","jetpack_sharing_enabled":true,"amp_enabled":true,"_links":{"self":[{"href":"https:\/\/portalmovil.com.ar\/index.php\/wp-json\/wp\/v2\/posts\/105066","targetHints":{"allow":["GET"]}}],"collection":[{"href":"https:\/\/portalmovil.com.ar\/index.php\/wp-json\/wp\/v2\/posts"}],"about":[{"href":"https:\/\/portalmovil.com.ar\/index.php\/wp-json\/wp\/v2\/types\/post"}],"author":[{"embeddable":true,"href":"https:\/\/portalmovil.com.ar\/index.php\/wp-json\/wp\/v2\/users\/2"}],"replies":[{"embeddable":true,"href":"https:\/\/portalmovil.com.ar\/index.php\/wp-json\/wp\/v2\/comments?post=105066"}],"version-history":[{"count":1,"href":"https:\/\/portalmovil.com.ar\/index.php\/wp-json\/wp\/v2\/posts\/105066\/revisions"}],"predecessor-version":[{"id":105070,"href":"https:\/\/portalmovil.com.ar\/index.php\/wp-json\/wp\/v2\/posts\/105066\/revisions\/105070"}],"wp:featuredmedia":[{"embeddable":true,"href":"https:\/\/portalmovil.com.ar\/index.php\/wp-json\/wp\/v2\/media\/105069"}],"wp:attachment":[{"href":"https:\/\/portalmovil.com.ar\/index.php\/wp-json\/wp\/v2\/media?parent=105066"}],"wp:term":[{"taxonomy":"category","embeddable":true,"href":"https:\/\/portalmovil.com.ar\/index.php\/wp-json\/wp\/v2\/categories?post=105066"},{"taxonomy":"post_tag","embeddable":true,"href":"https:\/\/portalmovil.com.ar\/index.php\/wp-json\/wp\/v2\/tags?post=105066"}],"curies":[{"name":"wp","href":"https:\/\/api.w.org\/{rel}","templated":true}]}}