{"id":104815,"date":"2024-12-26T11:18:34","date_gmt":"2024-12-26T14:18:34","guid":{"rendered":"https:\/\/portalmovil.com.ar\/?p=104815"},"modified":"2024-12-26T11:18:37","modified_gmt":"2024-12-26T14:18:37","slug":"zdero-entrego-nuevas-ambulancias-que-fueron-compradas-con-vehiculos-subastados","status":"publish","type":"post","link":"https:\/\/portalmovil.com.ar\/index.php\/2024\/12\/26\/zdero-entrego-nuevas-ambulancias-que-fueron-compradas-con-vehiculos-subastados\/","title":{"rendered":"Zdero entreg\u00f3 nuevas ambulancias que fueron compradas con veh\u00edculos subastados"},"content":{"rendered":"\n<p>Los veh\u00edculos fueron adquiridos con recursos propios de la provincia, 13 a trav\u00e9s del Ministerio de Salud y tres con fondos provenientes de los remates de veh\u00edculos provinciales en desuso; m\u00e1s 9 camionetas para Desarrollo Humano.<\/p>\n\n\n\n<p><strong>Leandro Zdero present\u00f3 este jueves nuevas ambulancias que fortalecer\u00e1n el parque automotor del servicio de atenci\u00f3n a la salud y camionetas para Desarrollo Humano<\/strong>, en toda la provincia. Se trata de 13 nuevas ambulancias adquiridas con fondos del Ministerio de Salud y otras tres que se compraron con recursos provenientes de las subastas de veh\u00edculos provinciales en desuso, m\u00e1s 9 camionetas para Desarrollo Humano.&nbsp;<\/p>\n\n\n\n<p>\u00abHoy podemos presentar una inversi\u00f3n importante en materia de equipamiento de ambulancias para el sistema sanitario provincial, en lo que es una primera etapa ya que en unos meses se incorporar\u00e1 otra parte de este equipamiento\u00bb, expres\u00f3 el gobernador. As\u00ed, present\u00f3&nbsp;13 nuevas ambulancias, 10 tradicionales combis con equipamiento para el traslado de personas y otras 3 4&#215;4. \u00abEstamos comprometidos a reforzar la salud provincial y fortalecer un sistema que encontramos raqu\u00edtico, obsoleto y con una total falta de coordinaci\u00f3n\u00bb, asegur\u00f3 Zdero.&nbsp;<\/p>\n\n\n\n<p>En esa l\u00ednea, el mandatario detall\u00f3 que como resultado de las subastas de veh\u00edculos en desuso realizadas a trav\u00e9s de la Secretar\u00eda General de la Gobernaci\u00f3n,&nbsp;<strong>se recaud\u00f3 un total $445.150.000,00 y con estos fondos se adquirieron &nbsp;tres ambulancias y nueve camionetas 0km.&nbsp;&nbsp;<\/strong><\/p>\n\n\n\n<p>\u00abQueremos contarles que se termin\u00f3 la era donde los veh\u00edculos que no sirven terminan en cementerios de veh\u00edculos del estado provincial. La recaudaci\u00f3n de los dos remates de este a\u00f1o nos permiti\u00f3 comprar tres ambulancias m\u00e1s nueve camionetas que ser\u00e1n destinadas al programa de desarrollo humano \u00d1achec\u00bb, detall\u00f3 el gobernador.&nbsp;<\/p>\n\n\n\n<p>\u00abTenemos un compromiso con la salud, el desarrollo humano y con un estado ordenado. Cuentas claras para cada uno de los chaque\u00f1os, administrando los recursos del estado de manera transparente y eficiente\u00bb, cerr\u00f3 Zdero.&nbsp;<\/p>\n","protected":false},"excerpt":{"rendered":"<p>Los veh\u00edculos fueron adquiridos con recursos propios de la provincia, 13 a trav\u00e9s del Ministerio de Salud y tres con fondos provenientes de los remates de veh\u00edculos provinciales en desuso; m\u00e1s 9 camionetas para Desarrollo Humano. Leandro Zdero present\u00f3 este jueves nuevas ambulancias que fortalecer\u00e1n el parque automotor del servicio de atenci\u00f3n a la salud &hellip;<\/p>\n","protected":false},"author":2,"featured_media":104816,"comment_status":"open","ping_status":"open","sticky":false,"template":"","format":"standard","meta":{"_jetpack_memberships_contains_paid_content":false,"footnotes":"","jetpack_publicize_message":"","jetpack_publicize_feature_enabled":true,"jetpack_social_post_already_shared":true,"jetpack_social_options":{"image_generator_settings":{"template":"highway","default_image_id":0,"font":"","enabled":false},"version":2}},"categories":[5,14,12],"tags":[],"class_list":["post-104815","post","type-post","status-publish","format-standard","has-post-thumbnail","hentry","category-chaco","category-politica","category-ultimo"],"jetpack_publicize_connections":[],"jetpack_featured_media_url":"https:\/\/portalmovil.com.ar\/wp-content\/uploads\/2024\/12\/IMG-20241226-WA0058.jpg","jetpack_sharing_enabled":true,"amp_enabled":true,"_links":{"self":[{"href":"https:\/\/portalmovil.com.ar\/index.php\/wp-json\/wp\/v2\/posts\/104815","targetHints":{"allow":["GET"]}}],"collection":[{"href":"https:\/\/portalmovil.com.ar\/index.php\/wp-json\/wp\/v2\/posts"}],"about":[{"href":"https:\/\/portalmovil.com.ar\/index.php\/wp-json\/wp\/v2\/types\/post"}],"author":[{"embeddable":true,"href":"https:\/\/portalmovil.com.ar\/index.php\/wp-json\/wp\/v2\/users\/2"}],"replies":[{"embeddable":true,"href":"https:\/\/portalmovil.com.ar\/index.php\/wp-json\/wp\/v2\/comments?post=104815"}],"version-history":[{"count":1,"href":"https:\/\/portalmovil.com.ar\/index.php\/wp-json\/wp\/v2\/posts\/104815\/revisions"}],"predecessor-version":[{"id":104817,"href":"https:\/\/portalmovil.com.ar\/index.php\/wp-json\/wp\/v2\/posts\/104815\/revisions\/104817"}],"wp:featuredmedia":[{"embeddable":true,"href":"https:\/\/portalmovil.com.ar\/index.php\/wp-json\/wp\/v2\/media\/104816"}],"wp:attachment":[{"href":"https:\/\/portalmovil.com.ar\/index.php\/wp-json\/wp\/v2\/media?parent=104815"}],"wp:term":[{"taxonomy":"category","embeddable":true,"href":"https:\/\/portalmovil.com.ar\/index.php\/wp-json\/wp\/v2\/categories?post=104815"},{"taxonomy":"post_tag","embeddable":true,"href":"https:\/\/portalmovil.com.ar\/index.php\/wp-json\/wp\/v2\/tags?post=104815"}],"curies":[{"name":"wp","href":"https:\/\/api.w.org\/{rel}","templated":true}]}}