{"id":104617,"date":"2024-12-17T09:34:57","date_gmt":"2024-12-17T12:34:57","guid":{"rendered":"https:\/\/portalmovil.com.ar\/?p=104617"},"modified":"2024-12-17T09:35:00","modified_gmt":"2024-12-17T12:35:00","slug":"murio-la-ensayista-literaria-e-intelectual-beatriz-sarlo","status":"publish","type":"post","link":"https:\/\/portalmovil.com.ar\/index.php\/2024\/12\/17\/murio-la-ensayista-literaria-e-intelectual-beatriz-sarlo\/","title":{"rendered":"Muri\u00f3 la ensayista literaria e intelectual Beatriz Sarlo"},"content":{"rendered":"\n<p>Este martes muri\u00f3 a los 82 a\u00f1os la ensayista y escritora Beatriz Sarlo. Fue una de las intelectuales m\u00e1s influyentes de la Argentina y reconocida a nivel mundial en el \u00e1mbito de la cr\u00edtica literaria y la cultura.<\/p>\n\n\n\n<p>La ensayista fue internada hace diez d\u00edas en el Sanatorio Otamendi a causa de un ACV masivo, que le habr\u00eda generado problemas motrices. Si bien hab\u00eda sido estabilizada, esta madrugada sufri\u00f3 una descompensaci\u00f3n y perdi\u00f3 la vida.<\/p>\n\n\n\n<p>Sarlo naci\u00f3 en Buenos Aires en 1942. Ense\u00f1\u00f3 literatura argentina en la Facultad de Filosof\u00eda y Letras de la Universidad de Buenos Aires (UBA) y brind\u00f3 cursos en altas casas de estudio norteamericanas como Berkeley, Columbia, Minnesota, Maryland y Chicago.<\/p>\n\n\n\n<p>La cr\u00edtica literaria form\u00f3 parte del consejo de redacci\u00f3n de la revista Los Libros, hasta su clausura en 1976. Desde 1978 hasta 2008 dirigi\u00f3 la reconocida revista de cultura y pol\u00edtica Punto de Vista, un prestigioso \u00e1mbito de discusi\u00f3n y difusi\u00f3n intelectual.<\/p>\n\n\n\n<p>Escribi\u00f3 los libros Borges, un escritor en las orillas (1993), Escenas de la vida posmoderna: Intelectuales, arte y videocultura en la Argentina (1994), Siete ensayos sobre Walter Benjamin (2000), Tiempo presente (2001), Escritos sobre literatura argentina (2007), Viajes: De la Amazonia a Malvinas (2014) y La intimidad p\u00fablica (2018), entre otros.<\/p>\n\n\n\n<p>Fue una de las intelectuales m\u00e1s destacadas de la Argentina. Recibi\u00f3 la beca Guggenheim, el Premio a la Trayectoria del Fondo Nacional de las Artes y el diploma al m\u00e9rito Konex. Tambi\u00e9n, en 2009, le otorgaron la Orden do Merito Cultural, grado Gran Cruz, de Brasil. En 2013 recibi\u00f3 la Pluma de Oro de la Academia Argentina de Periodismo, y en 2014 el Diploma al M\u00e9rito Konex 2014. Sumado a ello, era miembro correspondiente de la British Academy desde 2013.<\/p>\n","protected":false},"excerpt":{"rendered":"<p>Este martes muri\u00f3 a los 82 a\u00f1os la ensayista y escritora Beatriz Sarlo. Fue una de las intelectuales m\u00e1s influyentes de la Argentina y reconocida a nivel mundial en el \u00e1mbito de la cr\u00edtica literaria y la cultura. La ensayista fue internada hace diez d\u00edas en el Sanatorio Otamendi a causa de un ACV masivo, &hellip;<\/p>\n","protected":false},"author":2,"featured_media":104618,"comment_status":"open","ping_status":"open","sticky":false,"template":"","format":"standard","meta":{"_jetpack_memberships_contains_paid_content":false,"footnotes":"","jetpack_publicize_message":"","jetpack_publicize_feature_enabled":true,"jetpack_social_post_already_shared":true,"jetpack_social_options":{"image_generator_settings":{"template":"highway","default_image_id":0,"font":"","enabled":false},"version":2}},"categories":[3],"tags":[],"class_list":["post-104617","post","type-post","status-publish","format-standard","has-post-thumbnail","hentry","category-sociedad"],"jetpack_publicize_connections":[],"jetpack_featured_media_url":"https:\/\/portalmovil.com.ar\/wp-content\/uploads\/2024\/12\/beatriz-sarlo-en-su-VLQYK5RYO5BLDAAM5NMQ6X6GZM.webp","jetpack_sharing_enabled":true,"amp_enabled":true,"_links":{"self":[{"href":"https:\/\/portalmovil.com.ar\/index.php\/wp-json\/wp\/v2\/posts\/104617","targetHints":{"allow":["GET"]}}],"collection":[{"href":"https:\/\/portalmovil.com.ar\/index.php\/wp-json\/wp\/v2\/posts"}],"about":[{"href":"https:\/\/portalmovil.com.ar\/index.php\/wp-json\/wp\/v2\/types\/post"}],"author":[{"embeddable":true,"href":"https:\/\/portalmovil.com.ar\/index.php\/wp-json\/wp\/v2\/users\/2"}],"replies":[{"embeddable":true,"href":"https:\/\/portalmovil.com.ar\/index.php\/wp-json\/wp\/v2\/comments?post=104617"}],"version-history":[{"count":1,"href":"https:\/\/portalmovil.com.ar\/index.php\/wp-json\/wp\/v2\/posts\/104617\/revisions"}],"predecessor-version":[{"id":104619,"href":"https:\/\/portalmovil.com.ar\/index.php\/wp-json\/wp\/v2\/posts\/104617\/revisions\/104619"}],"wp:featuredmedia":[{"embeddable":true,"href":"https:\/\/portalmovil.com.ar\/index.php\/wp-json\/wp\/v2\/media\/104618"}],"wp:attachment":[{"href":"https:\/\/portalmovil.com.ar\/index.php\/wp-json\/wp\/v2\/media?parent=104617"}],"wp:term":[{"taxonomy":"category","embeddable":true,"href":"https:\/\/portalmovil.com.ar\/index.php\/wp-json\/wp\/v2\/categories?post=104617"},{"taxonomy":"post_tag","embeddable":true,"href":"https:\/\/portalmovil.com.ar\/index.php\/wp-json\/wp\/v2\/tags?post=104617"}],"curies":[{"name":"wp","href":"https:\/\/api.w.org\/{rel}","templated":true}]}}