{"id":104552,"date":"2024-12-13T11:42:40","date_gmt":"2024-12-13T14:42:40","guid":{"rendered":"https:\/\/portalmovil.com.ar\/?p=104552"},"modified":"2024-12-13T11:42:42","modified_gmt":"2024-12-13T14:42:42","slug":"una-diputada-k-presento-un-proyecto-para-declarar-al-inodoro-como-un-lugar-de-paz","status":"publish","type":"post","link":"https:\/\/portalmovil.com.ar\/index.php\/2024\/12\/13\/una-diputada-k-presento-un-proyecto-para-declarar-al-inodoro-como-un-lugar-de-paz\/","title":{"rendered":"Una diputada K present\u00f3 un proyecto para declarar al inodoro como \u00abun lugar de paz\u00bb"},"content":{"rendered":"\n<p><strong>Viviana Guzzo, diputada provincial de Uni\u00f3n por la Patria, present\u00f3 un proyecto para declarar \u00abde inter\u00e9s legislativo el lema \u00b4El retrete es un lugar para la paz\u00b4\u00bb.&nbsp;<\/strong>La legisladora hizo su propuesta en el marco del D\u00eda Mundial del Retrete 2024, establecido cada 19 de noviembre por las Naciones Unidas para concientizar sobre la importancia del saneamiento, que \u00abes un derecho humano\u00bb.<\/p>\n\n\n\n<p>\u00abTodo el mundo deber\u00eda tener acceso a un retrete seguro, higi\u00e9nico y privado que est\u00e9 conectado a un sistema de saneamiento&nbsp;gestionado de forma segura para eliminar correctamente los desechos\u00bb, sostienen los fundamentos del proyecto.&nbsp;<\/p>\n\n\n\n<p>En el texto, la legisladora advierte que \u00ablos sistemas de saneamiento inadecuados, da\u00f1ados o rotos provocan contaminaci\u00f3n y la proliferaci\u00f3n de enfermedades mortales\u00bb, adem\u00e1s de que \u00abhacen m\u00e1s vulnerables a las mujeres y las ni\u00f1as, en particular, a los abusos, los ataques y la mala salud, lo que menoscaba su capacidad para estudiar, trabajar y vivir con dignidad\u00bb.<\/p>\n\n\n\n<p>En ese marco, la iniciativa plantea que \u00abel Estado debe resolver el d\u00e9ficit urbano habitacional, en momentos en los que el gobierno nacional ha tomado la decisi\u00f3n de no avanzar en la garant\u00eda del derecho constitucional de acceso a la vivienda digna para todos los sectores sociales\u00bb.&nbsp;El cuestionamiento a la gesti\u00f3n de Javier Milei se debe a la suspensi\u00f3n del \u00abPlan Federal Mi Ba\u00f1o\u00bb, que apuntaba a reformar los ba\u00f1os precarios con letrina para garantizar el acceso a servicios de saneamiento e higiene.<\/p>\n\n\n\n<p>En ese sentido,&nbsp;<strong>la campa\u00f1a impulsada por la ONU consta de tres l\u00edneas de acci\u00f3n<\/strong>: \u00abEl inodoro es un lugar para la paz\u00bb, \u00abel inodoro es un lugar de protecci\u00f3n\u00bb y \u00abel inodoro es un lugar para el progreso\u00bb. Los ejes apuntan a garantizar la seguridad de ese espacio, proteger a la ciudadan\u00eda de la contaminaci\u00f3n y la proliferaci\u00f3n de enfermedades mortales e invertir en saneamiento para cuidar la dignidad humana.<\/p>\n\n\n\n<p>En ese sentido, la iniciativa insta a los gobiernos a \u00abvelar por que los servicios de saneamiento y abastecimiento de agua sean resilientes, eficaces y accesibles a toda la poblaci\u00f3n y est\u00e9n protegidos contra da\u00f1os\u00bb. Adem\u00e1s, ofrece un kit para trabajar en las escuelas \u00abla importancia de los inodoros\u00bb.<\/p>\n","protected":false},"excerpt":{"rendered":"<p>Viviana Guzzo, diputada provincial de Uni\u00f3n por la Patria, present\u00f3 un proyecto para declarar \u00abde inter\u00e9s legislativo el lema \u00b4El retrete es un lugar para la paz\u00b4\u00bb.&nbsp;La legisladora hizo su propuesta en el marco del D\u00eda Mundial del Retrete 2024, establecido cada 19 de noviembre por las Naciones Unidas para concientizar sobre la importancia del &hellip;<\/p>\n","protected":false},"author":2,"featured_media":104553,"comment_status":"open","ping_status":"open","sticky":false,"template":"","format":"standard","meta":{"_jetpack_memberships_contains_paid_content":false,"footnotes":"","jetpack_publicize_message":"","jetpack_publicize_feature_enabled":true,"jetpack_social_post_already_shared":true,"jetpack_social_options":{"image_generator_settings":{"template":"highway","default_image_id":0,"font":"","enabled":false},"version":2}},"categories":[639,14],"tags":[],"class_list":["post-104552","post","type-post","status-publish","format-standard","has-post-thumbnail","hentry","category-argentina","category-politica"],"jetpack_publicize_connections":[],"jetpack_featured_media_url":"https:\/\/portalmovil.com.ar\/wp-content\/uploads\/2024\/12\/da9537b0-38af-47c3-a970-6ea6781d4442.webp","jetpack_sharing_enabled":true,"amp_enabled":true,"_links":{"self":[{"href":"https:\/\/portalmovil.com.ar\/index.php\/wp-json\/wp\/v2\/posts\/104552","targetHints":{"allow":["GET"]}}],"collection":[{"href":"https:\/\/portalmovil.com.ar\/index.php\/wp-json\/wp\/v2\/posts"}],"about":[{"href":"https:\/\/portalmovil.com.ar\/index.php\/wp-json\/wp\/v2\/types\/post"}],"author":[{"embeddable":true,"href":"https:\/\/portalmovil.com.ar\/index.php\/wp-json\/wp\/v2\/users\/2"}],"replies":[{"embeddable":true,"href":"https:\/\/portalmovil.com.ar\/index.php\/wp-json\/wp\/v2\/comments?post=104552"}],"version-history":[{"count":1,"href":"https:\/\/portalmovil.com.ar\/index.php\/wp-json\/wp\/v2\/posts\/104552\/revisions"}],"predecessor-version":[{"id":104554,"href":"https:\/\/portalmovil.com.ar\/index.php\/wp-json\/wp\/v2\/posts\/104552\/revisions\/104554"}],"wp:featuredmedia":[{"embeddable":true,"href":"https:\/\/portalmovil.com.ar\/index.php\/wp-json\/wp\/v2\/media\/104553"}],"wp:attachment":[{"href":"https:\/\/portalmovil.com.ar\/index.php\/wp-json\/wp\/v2\/media?parent=104552"}],"wp:term":[{"taxonomy":"category","embeddable":true,"href":"https:\/\/portalmovil.com.ar\/index.php\/wp-json\/wp\/v2\/categories?post=104552"},{"taxonomy":"post_tag","embeddable":true,"href":"https:\/\/portalmovil.com.ar\/index.php\/wp-json\/wp\/v2\/tags?post=104552"}],"curies":[{"name":"wp","href":"https:\/\/api.w.org\/{rel}","templated":true}]}}