{"id":104544,"date":"2024-12-13T11:28:04","date_gmt":"2024-12-13T14:28:04","guid":{"rendered":"https:\/\/portalmovil.com.ar\/?p=104544"},"modified":"2024-12-13T11:28:07","modified_gmt":"2024-12-13T14:28:07","slug":"brasilero-intentaba-sacar-del-pais-a-una-adolescente-con-retraso-madurativo-y-fue-detenido","status":"publish","type":"post","link":"https:\/\/portalmovil.com.ar\/index.php\/2024\/12\/13\/brasilero-intentaba-sacar-del-pais-a-una-adolescente-con-retraso-madurativo-y-fue-detenido\/","title":{"rendered":"Brasilero intentaba sacar del pa\u00eds a una adolescente con retraso madurativo y fue detenido"},"content":{"rendered":"\n<p>Las autoridades que participaron del operativo indicaron que el relevamiento de datos que involucran a una adolescente que era buscada desde este mi\u00e9rcoles por la ma\u00f1ana se hizo en la comisar\u00eda S\u00e9ptima metropolitana.<\/p>\n\n\n\n<p>\u00abLa chica fue localizada por personal policial de la Provincia de Corrientes en compa\u00f1\u00eda de un ciudadano argentino-brasilero en la localidad de Ituzaing\u00f3\u00bb, detallaron a este medio.&nbsp;<\/p>\n\n\n\n<p>Los sabuesos confirmaron que la conoci\u00f3 por la app WhatsApp y que ambos ten\u00edan intensiones de emprender viaje a Rep\u00fablica de Brasil. \u00abEl hecho se enmarca en la &nbsp;comisi\u00f3n del delito de trata de personas, en virtud de la situaci\u00f3n de vulnerabilidad de la joven\u00bb, aseveraron.&nbsp;<\/p>\n\n\n\n<p>La hermana de la menor, quien tiene la tutela de la misma, manifest\u00f3 a los investigadores de la causa su intenci\u00f3n de radicar la ampliaci\u00f3n de la denuncia, dadas varias situaciones relatadas por la v\u00edctima que deseaba dejar asentado.<\/p>\n\n\n\n<p>Una vez conocido el paradero de la adolescente que era intensamente buscada, los uniformados se comunicaron con la doctora Fernanda Abraham, Fiscal de G\u00e9nero interviniente. \u00abUna vez interiorizada de los detalles orden\u00f3 que se efect\u00fae una entrevista con personal id\u00f3neo de la Subsecretaria de G\u00e9nero y Diversidad, haci\u00e9ndose presente la doctora Sonia Valenzuela, quien se aboc\u00f3 a la tarea en compa\u00f1\u00eda de la hermana de la joven\u00bb, explicaron.<\/p>\n\n\n\n<p>Posteriormente, la fiscal que entiende en la causa dispuso que se recepcione formalmente la denuncia de los hechos relatados por la joven y que finalizada las diligencias se interiorice al fiscal en turno ordinario, doctor Roberto Villalba, para recibir directivas del caso.<\/p>\n\n\n\n<p>Prosiguen las diligencias judiciales de rigor, para establecer antecedentes del ciudadano detenido y descartar vinculaciones con otros delitos. En tanto la hermana de la v\u00edctima se hizo cargo de la misma y se activ\u00f3 el Protocolo \u00danico de Examen por Delitos Contra la Integridad Sexual, en el Hospital Perrando, de la capital chaque\u00f1a.<\/p>\n\n\n\n<p>La comisaria mayor Sara Elisabeth Aguilera, jefa Departamento Lucha Contra la Trata de Personas, finaliz\u00f3: \u00abSe la estaba llevando a Brasil. La activaci\u00f3n del protocolo con Tratas y B\u00fasqueda Personas previno que la saqu\u00e9 a la menos de la Argentina\u00bb<\/p>\n","protected":false},"excerpt":{"rendered":"<p>Las autoridades que participaron del operativo indicaron que el relevamiento de datos que involucran a una adolescente que era buscada desde este mi\u00e9rcoles por la ma\u00f1ana se hizo en la comisar\u00eda S\u00e9ptima metropolitana. \u00abLa chica fue localizada por personal policial de la Provincia de Corrientes en compa\u00f1\u00eda de un ciudadano argentino-brasilero en la localidad de &hellip;<\/p>\n","protected":false},"author":2,"featured_media":104545,"comment_status":"open","ping_status":"open","sticky":false,"template":"","format":"standard","meta":{"_jetpack_memberships_contains_paid_content":false,"footnotes":"","jetpack_publicize_message":"","jetpack_publicize_feature_enabled":true,"jetpack_social_post_already_shared":true,"jetpack_social_options":{"image_generator_settings":{"template":"highway","default_image_id":0,"font":"","enabled":false},"version":2}},"categories":[5,8],"tags":[],"class_list":["post-104544","post","type-post","status-publish","format-standard","has-post-thumbnail","hentry","category-chaco","category-policiales"],"jetpack_publicize_connections":[],"jetpack_featured_media_url":"https:\/\/portalmovil.com.ar\/wp-content\/uploads\/2024\/12\/391682w790h444c.jpg.webp","jetpack_sharing_enabled":true,"amp_enabled":true,"_links":{"self":[{"href":"https:\/\/portalmovil.com.ar\/index.php\/wp-json\/wp\/v2\/posts\/104544","targetHints":{"allow":["GET"]}}],"collection":[{"href":"https:\/\/portalmovil.com.ar\/index.php\/wp-json\/wp\/v2\/posts"}],"about":[{"href":"https:\/\/portalmovil.com.ar\/index.php\/wp-json\/wp\/v2\/types\/post"}],"author":[{"embeddable":true,"href":"https:\/\/portalmovil.com.ar\/index.php\/wp-json\/wp\/v2\/users\/2"}],"replies":[{"embeddable":true,"href":"https:\/\/portalmovil.com.ar\/index.php\/wp-json\/wp\/v2\/comments?post=104544"}],"version-history":[{"count":1,"href":"https:\/\/portalmovil.com.ar\/index.php\/wp-json\/wp\/v2\/posts\/104544\/revisions"}],"predecessor-version":[{"id":104546,"href":"https:\/\/portalmovil.com.ar\/index.php\/wp-json\/wp\/v2\/posts\/104544\/revisions\/104546"}],"wp:featuredmedia":[{"embeddable":true,"href":"https:\/\/portalmovil.com.ar\/index.php\/wp-json\/wp\/v2\/media\/104545"}],"wp:attachment":[{"href":"https:\/\/portalmovil.com.ar\/index.php\/wp-json\/wp\/v2\/media?parent=104544"}],"wp:term":[{"taxonomy":"category","embeddable":true,"href":"https:\/\/portalmovil.com.ar\/index.php\/wp-json\/wp\/v2\/categories?post=104544"},{"taxonomy":"post_tag","embeddable":true,"href":"https:\/\/portalmovil.com.ar\/index.php\/wp-json\/wp\/v2\/tags?post=104544"}],"curies":[{"name":"wp","href":"https:\/\/api.w.org\/{rel}","templated":true}]}}