{"id":104537,"date":"2024-12-13T11:09:09","date_gmt":"2024-12-13T14:09:09","guid":{"rendered":"https:\/\/portalmovil.com.ar\/?p=104537"},"modified":"2024-12-13T11:09:12","modified_gmt":"2024-12-13T14:09:12","slug":"choque-impactante-entre-tres-camiones-sobre-ruta-16","status":"publish","type":"post","link":"https:\/\/portalmovil.com.ar\/index.php\/2024\/12\/13\/choque-impactante-entre-tres-camiones-sobre-ruta-16\/","title":{"rendered":"Choque impactante entre tres camiones sobre Ruta 16"},"content":{"rendered":"\n<p>En la madrugada del viernes, se registr\u00f3 un accidente de tr\u00e1nsito que involucr\u00f3 a tres camiones en la Ruta 16, a la altura del kil\u00f3metro 70, cerca de la localidad de La Verde. Afortunadamente, los ocupantes de los veh\u00edculos resultaron con lesiones leves y fueron dados de alta en el lugar. <\/p>\n\n\n\n<p>El siniestro ocurri\u00f3 alrededor de las 4:10 y tuvo como protagonistas a tres camiones: el primero, un Mercedes Benz modelo LO1114, conducido por un joven de 26 a\u00f1os y acompa\u00f1ado por otro de 24, ambos residentes de Los Frentones. Este veh\u00edculo present\u00f3 da\u00f1os en las cubiertas y la parte posterior.<\/p>\n\n\n\n<p>En el segundo cami\u00f3n, otro Mercedes Benz, modelo L1633, conducido por N.A de 33 a\u00f1os, tambi\u00e9n de Los Frentones, con da\u00f1os severos en la parte frontal y lateral derecho de la carga de rollizos que transportaba. <\/p>\n\n\n\n<p>Por \u00faltimo, un cami\u00f3n Iveco Eurotech 370, conducido por R.E.V de 44, residente de Mendoza, que sufri\u00f3 da\u00f1os totales en la parte frontal. Este veh\u00edculo transportaba cal. <\/p>\n\n\n\n<p>En el lugar, se hicieron presentes dos ambulancias: una del servicio local de La Verde y otra del sistema provincial. Tras examinar a los cuatro ocupantes de los camiones, se determin\u00f3 que las lesiones eran leves, por lo que fueron atendidos y dados de alta en el sitio.<\/p>\n\n\n\n<p>Tambi\u00e9n acudi\u00f3 personal de la Polic\u00eda Caminera y se espera la intervenci\u00f3n de la Divisi\u00f3n Criminal\u00edstica para realizar las pericias correspondientes. La Fiscal\u00eda en turno fue notificada para avanzar en la investigaci\u00f3n del caso.<\/p>\n","protected":false},"excerpt":{"rendered":"<p>En la madrugada del viernes, se registr\u00f3 un accidente de tr\u00e1nsito que involucr\u00f3 a tres camiones en la Ruta 16, a la altura del kil\u00f3metro 70, cerca de la localidad de La Verde. Afortunadamente, los ocupantes de los veh\u00edculos resultaron con lesiones leves y fueron dados de alta en el lugar. El siniestro ocurri\u00f3 alrededor &hellip;<\/p>\n","protected":false},"author":2,"featured_media":104538,"comment_status":"open","ping_status":"open","sticky":false,"template":"","format":"standard","meta":{"_jetpack_memberships_contains_paid_content":false,"footnotes":"","jetpack_publicize_message":"","jetpack_publicize_feature_enabled":true,"jetpack_social_post_already_shared":true,"jetpack_social_options":{"image_generator_settings":{"template":"highway","default_image_id":0,"font":"","enabled":false},"version":2}},"categories":[5,8],"tags":[],"class_list":["post-104537","post","type-post","status-publish","format-standard","has-post-thumbnail","hentry","category-chaco","category-policiales"],"jetpack_publicize_connections":[],"jetpack_featured_media_url":"https:\/\/portalmovil.com.ar\/wp-content\/uploads\/2024\/12\/279432w850h638c.jpg.webp","jetpack_sharing_enabled":true,"amp_enabled":true,"_links":{"self":[{"href":"https:\/\/portalmovil.com.ar\/index.php\/wp-json\/wp\/v2\/posts\/104537","targetHints":{"allow":["GET"]}}],"collection":[{"href":"https:\/\/portalmovil.com.ar\/index.php\/wp-json\/wp\/v2\/posts"}],"about":[{"href":"https:\/\/portalmovil.com.ar\/index.php\/wp-json\/wp\/v2\/types\/post"}],"author":[{"embeddable":true,"href":"https:\/\/portalmovil.com.ar\/index.php\/wp-json\/wp\/v2\/users\/2"}],"replies":[{"embeddable":true,"href":"https:\/\/portalmovil.com.ar\/index.php\/wp-json\/wp\/v2\/comments?post=104537"}],"version-history":[{"count":1,"href":"https:\/\/portalmovil.com.ar\/index.php\/wp-json\/wp\/v2\/posts\/104537\/revisions"}],"predecessor-version":[{"id":104539,"href":"https:\/\/portalmovil.com.ar\/index.php\/wp-json\/wp\/v2\/posts\/104537\/revisions\/104539"}],"wp:featuredmedia":[{"embeddable":true,"href":"https:\/\/portalmovil.com.ar\/index.php\/wp-json\/wp\/v2\/media\/104538"}],"wp:attachment":[{"href":"https:\/\/portalmovil.com.ar\/index.php\/wp-json\/wp\/v2\/media?parent=104537"}],"wp:term":[{"taxonomy":"category","embeddable":true,"href":"https:\/\/portalmovil.com.ar\/index.php\/wp-json\/wp\/v2\/categories?post=104537"},{"taxonomy":"post_tag","embeddable":true,"href":"https:\/\/portalmovil.com.ar\/index.php\/wp-json\/wp\/v2\/tags?post=104537"}],"curies":[{"name":"wp","href":"https:\/\/api.w.org\/{rel}","templated":true}]}}