{"id":104430,"date":"2024-12-08T17:33:19","date_gmt":"2024-12-08T20:33:19","guid":{"rendered":"https:\/\/portalmovil.com.ar\/?p=104430"},"modified":"2024-12-08T17:33:21","modified_gmt":"2024-12-08T20:33:21","slug":"policia-profugo-por-golpear-a-un-joven-con-sindrome-de-down-fue-capturado","status":"publish","type":"post","link":"https:\/\/portalmovil.com.ar\/index.php\/2024\/12\/08\/policia-profugo-por-golpear-a-un-joven-con-sindrome-de-down-fue-capturado\/","title":{"rendered":"Polic\u00eda pr\u00f3fugo por golpear a un joven con S\u00edndrome de Down fue capturado"},"content":{"rendered":"\n<p>Fue detenido el polic\u00eda Rub\u00e9n Maximiliano Ponce, que estaba pr\u00f3fugo de la Justicia por no haber concurrido el pasado lunes al juicio por el caso del joven co s\u00edndrome de down Emanuel Agudo, golpeado y detenido el pasado 8 de abril de este a\u00f1o por tres efectivos de la Polic\u00eda del Chaco, en un operativo en el que los uniformados cometieron excesos.<\/p>\n\n\n\n<p>Personal de la Divisi\u00f3n de Investigaciones de la ciudad de Villa \u00c1ngela pudo encontrar y detener a Ponce, para ponerlo a disposici\u00f3n del juez Rodolfo Lineras, quien est\u00e1 llevando adelante el juicio donde est\u00e1n acusados tres efectivos de la Polic\u00eda de la provincia. Adem\u00e1s, de Ponce, Julio Ricardo Rivero y Lorena N\u00e9lida Rojas fueron imputados y procesados por el delito de \u00abprivaci\u00f3n ileg\u00edtima de la libertad, cometido por un funcionario p\u00fablico, lesiones leves agravadas por el abuso de la funci\u00f3n\u00bb .<\/p>\n\n\n\n<p>Cabe recordar que tras la postergaci\u00f3n de la primera audiencia en el comienzo del juicio contra los tres polic\u00edas que detuvieron ilegalmente a Emanuel en la noche del 8 de abril pasado, cuando el joven regresaba del gimnasio, la misma se reanudar\u00eda este lunes 9 de diciembre. Se espera en esa misma fecha que la v\u00edctima pueda hacer la declaraci\u00f3n y acudan testigos del incidente y uno de los vecinos que se cruz\u00f3 esa noche, hasta el patrullero, para decirles a los polic\u00edas que estaban deteniendo a un chico con capacidades especiales.<\/p>\n","protected":false},"excerpt":{"rendered":"<p>Fue detenido el polic\u00eda Rub\u00e9n Maximiliano Ponce, que estaba pr\u00f3fugo de la Justicia por no haber concurrido el pasado lunes al juicio por el caso del joven co s\u00edndrome de down Emanuel Agudo, golpeado y detenido el pasado 8 de abril de este a\u00f1o por tres efectivos de la Polic\u00eda del Chaco, en un operativo &hellip;<\/p>\n","protected":false},"author":2,"featured_media":104431,"comment_status":"open","ping_status":"open","sticky":false,"template":"","format":"standard","meta":{"_jetpack_memberships_contains_paid_content":false,"footnotes":"","jetpack_publicize_message":"","jetpack_publicize_feature_enabled":true,"jetpack_social_post_already_shared":true,"jetpack_social_options":{"image_generator_settings":{"template":"highway","default_image_id":0,"font":"","enabled":false},"version":2}},"categories":[5,8],"tags":[],"class_list":["post-104430","post","type-post","status-publish","format-standard","has-post-thumbnail","hentry","category-chaco","category-policiales"],"jetpack_publicize_connections":[],"jetpack_featured_media_url":"https:\/\/portalmovil.com.ar\/wp-content\/uploads\/2024\/12\/1733689945015.jpg","jetpack_sharing_enabled":true,"amp_enabled":true,"_links":{"self":[{"href":"https:\/\/portalmovil.com.ar\/index.php\/wp-json\/wp\/v2\/posts\/104430","targetHints":{"allow":["GET"]}}],"collection":[{"href":"https:\/\/portalmovil.com.ar\/index.php\/wp-json\/wp\/v2\/posts"}],"about":[{"href":"https:\/\/portalmovil.com.ar\/index.php\/wp-json\/wp\/v2\/types\/post"}],"author":[{"embeddable":true,"href":"https:\/\/portalmovil.com.ar\/index.php\/wp-json\/wp\/v2\/users\/2"}],"replies":[{"embeddable":true,"href":"https:\/\/portalmovil.com.ar\/index.php\/wp-json\/wp\/v2\/comments?post=104430"}],"version-history":[{"count":1,"href":"https:\/\/portalmovil.com.ar\/index.php\/wp-json\/wp\/v2\/posts\/104430\/revisions"}],"predecessor-version":[{"id":104432,"href":"https:\/\/portalmovil.com.ar\/index.php\/wp-json\/wp\/v2\/posts\/104430\/revisions\/104432"}],"wp:featuredmedia":[{"embeddable":true,"href":"https:\/\/portalmovil.com.ar\/index.php\/wp-json\/wp\/v2\/media\/104431"}],"wp:attachment":[{"href":"https:\/\/portalmovil.com.ar\/index.php\/wp-json\/wp\/v2\/media?parent=104430"}],"wp:term":[{"taxonomy":"category","embeddable":true,"href":"https:\/\/portalmovil.com.ar\/index.php\/wp-json\/wp\/v2\/categories?post=104430"},{"taxonomy":"post_tag","embeddable":true,"href":"https:\/\/portalmovil.com.ar\/index.php\/wp-json\/wp\/v2\/tags?post=104430"}],"curies":[{"name":"wp","href":"https:\/\/api.w.org\/{rel}","templated":true}]}}