{"id":104300,"date":"2024-12-02T15:18:17","date_gmt":"2024-12-02T18:18:17","guid":{"rendered":"https:\/\/portalmovil.com.ar\/?p=104300"},"modified":"2024-12-02T15:18:19","modified_gmt":"2024-12-02T18:18:19","slug":"aradas-destaco-la-importancia-de-los-eventos-obras-publicas-y-atencion-a-los-barrios","status":"publish","type":"post","link":"https:\/\/portalmovil.com.ar\/index.php\/2024\/12\/02\/aradas-destaco-la-importancia-de-los-eventos-obras-publicas-y-atencion-a-los-barrios\/","title":{"rendered":"Aradas destac\u00f3 la importancia de los Eventos, obras p\u00fablicas y atenci\u00f3n a los barrios"},"content":{"rendered":"\n<p>El presidente del Concejo Municipal de Resistencia, Alejandro Aradas, destac\u00f3 la importancia de equilibrar las actividades culturales con un plan integral de obras p\u00fablicas, limpieza y orden en la ciudad. En declaraciones recientes, Aradas enfatiz\u00f3 que \u00abes inconcebible dedicarse solo a realizar eventos\u00bb, subrayando la necesidad de atender las demandas esenciales de los barrios.<\/p>\n\n\n\n<p>Aradas se\u00f1al\u00f3 que la actual gesti\u00f3n lleva casi un a\u00f1o trabajando en la recuperaci\u00f3n de Resistencia, con un enfoque especial en los barrios m\u00e1s postergados.<\/p>\n\n\n\n<p>\u00abAntes se hac\u00edan eventos, pero se olvidaban de las necesidades fundamentales, como la limpieza y el orden que requiere una ciudad como Resistencia\u00bb, afirm\u00f3.<\/p>\n\n\n\n<p>El funcionario puso en valor las intervenciones realizadas en diversas zonas de la capital chaque\u00f1a, destacando la prioridad que se ha dado a las obras p\u00fablicas y a la atenci\u00f3n de los problemas estructurales que afectan a los vecinos.<\/p>\n\n\n\n<p>Aradas reconoci\u00f3 el valor de las actividades culturales promovidas por el Gobierno Provincial, no solo como una herramienta de recreaci\u00f3n para los vecinos, sino tambi\u00e9n como un motor econ\u00f3mico que beneficia a sectores como los gastron\u00f3micos y cerveceros. No obstante, dej\u00f3 en claro que estas iniciativas deben complementarse con intervenciones en todas las \u00e1reas de la ciudad.<\/p>\n\n\n\n<p>\u00abSabemos que solo con eventos no se puede llevar adelante una gesti\u00f3n. Por eso trabajamos en toda la ciudad, combinando obras, atenci\u00f3n a los barrios y actividades culturales, y as\u00ed seguiremos haci\u00e9ndolo\u00bb, concluy\u00f3.<\/p>\n","protected":false},"excerpt":{"rendered":"<p>El presidente del Concejo Municipal de Resistencia, Alejandro Aradas, destac\u00f3 la importancia de equilibrar las actividades culturales con un plan integral de obras p\u00fablicas, limpieza y orden en la ciudad. En declaraciones recientes, Aradas enfatiz\u00f3 que \u00abes inconcebible dedicarse solo a realizar eventos\u00bb, subrayando la necesidad de atender las demandas esenciales de los barrios. Aradas &hellip;<\/p>\n","protected":false},"author":2,"featured_media":104301,"comment_status":"open","ping_status":"open","sticky":false,"template":"","format":"standard","meta":{"_jetpack_memberships_contains_paid_content":false,"footnotes":"","jetpack_publicize_message":"","jetpack_publicize_feature_enabled":true,"jetpack_social_post_already_shared":true,"jetpack_social_options":{"image_generator_settings":{"template":"highway","default_image_id":0,"font":"","enabled":false},"version":2}},"categories":[14,37],"tags":[],"class_list":["post-104300","post","type-post","status-publish","format-standard","has-post-thumbnail","hentry","category-politica","category-resistencia"],"jetpack_publicize_connections":[],"jetpack_featured_media_url":"https:\/\/portalmovil.com.ar\/wp-content\/uploads\/2024\/12\/624010w480h318c.jpg.webp","jetpack_sharing_enabled":true,"amp_enabled":true,"_links":{"self":[{"href":"https:\/\/portalmovil.com.ar\/index.php\/wp-json\/wp\/v2\/posts\/104300","targetHints":{"allow":["GET"]}}],"collection":[{"href":"https:\/\/portalmovil.com.ar\/index.php\/wp-json\/wp\/v2\/posts"}],"about":[{"href":"https:\/\/portalmovil.com.ar\/index.php\/wp-json\/wp\/v2\/types\/post"}],"author":[{"embeddable":true,"href":"https:\/\/portalmovil.com.ar\/index.php\/wp-json\/wp\/v2\/users\/2"}],"replies":[{"embeddable":true,"href":"https:\/\/portalmovil.com.ar\/index.php\/wp-json\/wp\/v2\/comments?post=104300"}],"version-history":[{"count":1,"href":"https:\/\/portalmovil.com.ar\/index.php\/wp-json\/wp\/v2\/posts\/104300\/revisions"}],"predecessor-version":[{"id":104302,"href":"https:\/\/portalmovil.com.ar\/index.php\/wp-json\/wp\/v2\/posts\/104300\/revisions\/104302"}],"wp:featuredmedia":[{"embeddable":true,"href":"https:\/\/portalmovil.com.ar\/index.php\/wp-json\/wp\/v2\/media\/104301"}],"wp:attachment":[{"href":"https:\/\/portalmovil.com.ar\/index.php\/wp-json\/wp\/v2\/media?parent=104300"}],"wp:term":[{"taxonomy":"category","embeddable":true,"href":"https:\/\/portalmovil.com.ar\/index.php\/wp-json\/wp\/v2\/categories?post=104300"},{"taxonomy":"post_tag","embeddable":true,"href":"https:\/\/portalmovil.com.ar\/index.php\/wp-json\/wp\/v2\/tags?post=104300"}],"curies":[{"name":"wp","href":"https:\/\/api.w.org\/{rel}","templated":true}]}}