{"id":104052,"date":"2024-11-20T10:58:07","date_gmt":"2024-11-20T13:58:07","guid":{"rendered":"https:\/\/portalmovil.com.ar\/?p=104052"},"modified":"2024-11-20T10:58:10","modified_gmt":"2024-11-20T13:58:10","slug":"nikisch-presento-una-denuncia-penal-en-la-justicia-federal-contra-gustavo-martinez","status":"publish","type":"post","link":"https:\/\/portalmovil.com.ar\/index.php\/2024\/11\/20\/nikisch-presento-una-denuncia-penal-en-la-justicia-federal-contra-gustavo-martinez\/","title":{"rendered":"Nikisch present\u00f3 una denuncia penal en la justicia federal contra Gustavo Mart\u00ednez"},"content":{"rendered":"\n<p>El intendente de Resistencia, Roy Nikisch, present\u00f3 una denuncia penal ante la Fiscal\u00eda Federal contra el exjefe comunal, Gustavo Mart\u00ednez, por el supuesto desv\u00edo de fondos millonarios enviados por el Gobierno nacional al municipio con fines espec\u00edficos. &nbsp;<\/p>\n\n\n\n<p>Desde la actual gesti\u00f3n municipal, se sostiene que no se pudo acreditar que los recursos hayan sido utilizados para los destinos establecidos. Ante esta situaci\u00f3n, la Naci\u00f3n exige la devoluci\u00f3n de los fondos, mientras Nikisch acusa a Mart\u00ednez de haberlos empleado para fines distintos a los previstos originalmente. &nbsp;<\/p>\n\n\n\n<p>Seg\u00fan detall\u00f3 Nikisch, Mart\u00ednez recibi\u00f3 $ 40 millones por cat\u00e1strofes clim\u00e1ticas y $ 94 durante 2022 para el parque lineal Soberan\u00eda, mientras que en septiembre y noviembre recibi\u00f3 $ 250 millones cada mes. &nbsp;<\/p>\n\n\n\n<p>En conferencia de prensa, tras presentar la denuncia, Nikisch afirm\u00f3 que m\u00e1s de $ 634.000.000 \u00abfueron utilizados para la campa\u00f1a pol\u00edtica\u00bb.<\/p>\n","protected":false},"excerpt":{"rendered":"<p>El intendente de Resistencia, Roy Nikisch, present\u00f3 una denuncia penal ante la Fiscal\u00eda Federal contra el exjefe comunal, Gustavo Mart\u00ednez, por el supuesto desv\u00edo de fondos millonarios enviados por el Gobierno nacional al municipio con fines espec\u00edficos. &nbsp; Desde la actual gesti\u00f3n municipal, se sostiene que no se pudo acreditar que los recursos hayan sido &hellip;<\/p>\n","protected":false},"author":2,"featured_media":104053,"comment_status":"open","ping_status":"open","sticky":false,"template":"","format":"standard","meta":{"_jetpack_memberships_contains_paid_content":false,"footnotes":"","jetpack_publicize_message":"","jetpack_publicize_feature_enabled":true,"jetpack_social_post_already_shared":true,"jetpack_social_options":{"image_generator_settings":{"template":"highway","default_image_id":0,"font":"","enabled":false},"version":2}},"categories":[5,14],"tags":[],"class_list":["post-104052","post","type-post","status-publish","format-standard","has-post-thumbnail","hentry","category-chaco","category-politica"],"jetpack_publicize_connections":[],"jetpack_featured_media_url":"https:\/\/portalmovil.com.ar\/wp-content\/uploads\/2024\/11\/1732111002063.jpg","jetpack_sharing_enabled":true,"amp_enabled":true,"_links":{"self":[{"href":"https:\/\/portalmovil.com.ar\/index.php\/wp-json\/wp\/v2\/posts\/104052","targetHints":{"allow":["GET"]}}],"collection":[{"href":"https:\/\/portalmovil.com.ar\/index.php\/wp-json\/wp\/v2\/posts"}],"about":[{"href":"https:\/\/portalmovil.com.ar\/index.php\/wp-json\/wp\/v2\/types\/post"}],"author":[{"embeddable":true,"href":"https:\/\/portalmovil.com.ar\/index.php\/wp-json\/wp\/v2\/users\/2"}],"replies":[{"embeddable":true,"href":"https:\/\/portalmovil.com.ar\/index.php\/wp-json\/wp\/v2\/comments?post=104052"}],"version-history":[{"count":1,"href":"https:\/\/portalmovil.com.ar\/index.php\/wp-json\/wp\/v2\/posts\/104052\/revisions"}],"predecessor-version":[{"id":104054,"href":"https:\/\/portalmovil.com.ar\/index.php\/wp-json\/wp\/v2\/posts\/104052\/revisions\/104054"}],"wp:featuredmedia":[{"embeddable":true,"href":"https:\/\/portalmovil.com.ar\/index.php\/wp-json\/wp\/v2\/media\/104053"}],"wp:attachment":[{"href":"https:\/\/portalmovil.com.ar\/index.php\/wp-json\/wp\/v2\/media?parent=104052"}],"wp:term":[{"taxonomy":"category","embeddable":true,"href":"https:\/\/portalmovil.com.ar\/index.php\/wp-json\/wp\/v2\/categories?post=104052"},{"taxonomy":"post_tag","embeddable":true,"href":"https:\/\/portalmovil.com.ar\/index.php\/wp-json\/wp\/v2\/tags?post=104052"}],"curies":[{"name":"wp","href":"https:\/\/api.w.org\/{rel}","templated":true}]}}