{"id":103812,"date":"2024-11-14T14:26:20","date_gmt":"2024-11-14T17:26:20","guid":{"rendered":"https:\/\/portalmovil.com.ar\/?p=103812"},"modified":"2024-11-14T14:26:22","modified_gmt":"2024-11-14T17:26:22","slug":"guido-vallejos-fue-hallado-sin-vida-en-una-laguna-de-villa-odorico","status":"publish","type":"post","link":"https:\/\/portalmovil.com.ar\/index.php\/2024\/11\/14\/guido-vallejos-fue-hallado-sin-vida-en-una-laguna-de-villa-odorico\/","title":{"rendered":"Guido Vallejos fue hallado sin vida en una laguna de Villa Odorico"},"content":{"rendered":"\n<p><strong>El joven, desaparecido desde el 4 de noviembre, fue encontrado en la laguna de Villa Odorico. Las autoridades investigan las causas de su muerte.<\/strong><\/p>\n\n\n\n<p>El cuerpo de\u00a0<strong>Guido Vallejos<\/strong>, el joven de 26 a\u00f1os desaparecido desde el pasado\u00a0<strong>4 de noviembre<\/strong>, fue hallado sin vida en l<strong>a\u00a0laguna de Villa Odoric<\/strong>o, en\u00a0<strong>Resistencia<\/strong>. La confirmaci\u00f3n del tr\u00e1gico desenlace lleg\u00f3 este\u00a0<strong>jueves 14 de noviembre<\/strong>, tras una intensa b\u00fasqueda realizada por autoridades locales y voluntarios que colaboraron en el rastrillaje por la zona.<\/p>\n","protected":false},"excerpt":{"rendered":"<p>El joven, desaparecido desde el 4 de noviembre, fue encontrado en la laguna de Villa Odorico. Las autoridades investigan las causas de su muerte. El cuerpo de\u00a0Guido Vallejos, el joven de 26 a\u00f1os desaparecido desde el pasado\u00a04 de noviembre, fue hallado sin vida en la\u00a0laguna de Villa Odorico, en\u00a0Resistencia. La confirmaci\u00f3n del tr\u00e1gico desenlace lleg\u00f3 &hellip;<\/p>\n","protected":false},"author":2,"featured_media":103813,"comment_status":"open","ping_status":"open","sticky":false,"template":"","format":"standard","meta":{"_jetpack_memberships_contains_paid_content":false,"footnotes":"","jetpack_publicize_message":"","jetpack_publicize_feature_enabled":true,"jetpack_social_post_already_shared":true,"jetpack_social_options":{"image_generator_settings":{"template":"highway","default_image_id":0,"font":"","enabled":false},"version":2}},"categories":[5,8],"tags":[],"class_list":["post-103812","post","type-post","status-publish","format-standard","has-post-thumbnail","hentry","category-chaco","category-policiales"],"jetpack_publicize_connections":[],"jetpack_featured_media_url":"https:\/\/portalmovil.com.ar\/wp-content\/uploads\/2024\/11\/1731605048551.jpg","jetpack_sharing_enabled":true,"amp_enabled":true,"_links":{"self":[{"href":"https:\/\/portalmovil.com.ar\/index.php\/wp-json\/wp\/v2\/posts\/103812","targetHints":{"allow":["GET"]}}],"collection":[{"href":"https:\/\/portalmovil.com.ar\/index.php\/wp-json\/wp\/v2\/posts"}],"about":[{"href":"https:\/\/portalmovil.com.ar\/index.php\/wp-json\/wp\/v2\/types\/post"}],"author":[{"embeddable":true,"href":"https:\/\/portalmovil.com.ar\/index.php\/wp-json\/wp\/v2\/users\/2"}],"replies":[{"embeddable":true,"href":"https:\/\/portalmovil.com.ar\/index.php\/wp-json\/wp\/v2\/comments?post=103812"}],"version-history":[{"count":1,"href":"https:\/\/portalmovil.com.ar\/index.php\/wp-json\/wp\/v2\/posts\/103812\/revisions"}],"predecessor-version":[{"id":103814,"href":"https:\/\/portalmovil.com.ar\/index.php\/wp-json\/wp\/v2\/posts\/103812\/revisions\/103814"}],"wp:featuredmedia":[{"embeddable":true,"href":"https:\/\/portalmovil.com.ar\/index.php\/wp-json\/wp\/v2\/media\/103813"}],"wp:attachment":[{"href":"https:\/\/portalmovil.com.ar\/index.php\/wp-json\/wp\/v2\/media?parent=103812"}],"wp:term":[{"taxonomy":"category","embeddable":true,"href":"https:\/\/portalmovil.com.ar\/index.php\/wp-json\/wp\/v2\/categories?post=103812"},{"taxonomy":"post_tag","embeddable":true,"href":"https:\/\/portalmovil.com.ar\/index.php\/wp-json\/wp\/v2\/tags?post=103812"}],"curies":[{"name":"wp","href":"https:\/\/api.w.org\/{rel}","templated":true}]}}