{"id":103503,"date":"2024-11-06T21:24:38","date_gmt":"2024-11-07T00:24:38","guid":{"rendered":"https:\/\/portalmovil.com.ar\/?p=103503"},"modified":"2024-11-06T21:24:39","modified_gmt":"2024-11-07T00:24:39","slug":"wanda-nara-confirmo-la-peor-noticia-para-mauro-icardi-pedi-el-divorcio","status":"publish","type":"post","link":"https:\/\/portalmovil.com.ar\/index.php\/2024\/11\/06\/wanda-nara-confirmo-la-peor-noticia-para-mauro-icardi-pedi-el-divorcio\/","title":{"rendered":"Wanda Nara confirm\u00f3 la peor noticia para Mauro Icardi: \u201cPed\u00ed el divorcio\u201d"},"content":{"rendered":"\n<p>Wanda Nara redact\u00f3 un comunicado tras blanquear su relaci\u00f3n con el cantante L-Gante: la modelo habl\u00f3 sobre su vida privada y revel\u00f3 que en su separaci\u00f3n con Mauro Icardi, hubo \u201camenazas\u201d.<\/p>\n\n\n\n<p>\u201cLa cultura machista est\u00e1 muy lejos de lo que quiero para m\u00ed y mis hijas\u201d, inici\u00f3 la modelo en el escrito que fech\u00f3 en Turqu\u00eda, este mediod\u00eda. En este sentido, el inicio fue una cr\u00edtica directa a los comentarios negativos que recibi\u00f3, luego de que se publicara un video en vivo en donde se bes\u00f3 con el cantante de RKT.<\/p>\n\n\n\n<p>\u201cEstoy separada y libre de estar con quien quiero y, sobre todo, me haga bien\u201d, asegur\u00f3 Wanda y agreg\u00f3: \u201cLos fans deber\u00edan conocer todas las partes y situaciones para realmente estar orgullosos o no, de su \u00eddolo\u201d.<\/p>\n\n\n\n<p>Adem\u00e1s, la modelo hizo referencia a Valentino, Benedicto y Constantino, que nacieron de su relaci\u00f3n con Maxi L\u00f3pez, y a Francesca e Isabella, fruto de su v\u00ednculo con Mauro Icardi: \u201cMe hago cargo de mis hijos sola, lucho con una mudanza\u201d.<\/p>\n\n\n\n<p>Al apuntar de manera indirecta sobre su separaci\u00f3n de Icardi, la conductora revel\u00f3: \u201cLucho con una mudanza y recuperar a las mascotas de mis hijas que, lamentablemente, son rehenes, tambi\u00e9n con amenazas\u201d.<\/p>\n\n\n\n<p>Wanda le habl\u00f3 a sus seguidores y dese\u00f3 que \u201cojal\u00e1 tengan\u201d sus \u201cmismos ideales\u201d, es decir: \u201cCuando no soy m\u00e1s feliz, me voy. No me importa lo exterior de nadie y no me quedo en una relaci\u00f3n infeliz por la foto familiar. Cuando eso -la felicidad- deja de pasar, me parece lo m\u00e1s sincero es seguir mi camino\u201d.<\/p>\n","protected":false},"excerpt":{"rendered":"<p>Wanda Nara redact\u00f3 un comunicado tras blanquear su relaci\u00f3n con el cantante L-Gante: la modelo habl\u00f3 sobre su vida privada y revel\u00f3 que en su separaci\u00f3n con Mauro Icardi, hubo \u201camenazas\u201d. \u201cLa cultura machista est\u00e1 muy lejos de lo que quiero para m\u00ed y mis hijas\u201d, inici\u00f3 la modelo en el escrito que fech\u00f3 en &hellip;<\/p>\n","protected":false},"author":2,"featured_media":103504,"comment_status":"open","ping_status":"open","sticky":false,"template":"","format":"standard","meta":{"_jetpack_memberships_contains_paid_content":false,"footnotes":"","jetpack_publicize_message":"","jetpack_publicize_feature_enabled":true,"jetpack_social_post_already_shared":true,"jetpack_social_options":{"image_generator_settings":{"template":"highway","default_image_id":0,"font":"","enabled":false},"version":2}},"categories":[158],"tags":[],"class_list":["post-103503","post","type-post","status-publish","format-standard","has-post-thumbnail","hentry","category-espectaculos"],"jetpack_publicize_connections":[],"jetpack_featured_media_url":"https:\/\/portalmovil.com.ar\/wp-content\/uploads\/2024\/11\/wanda-nara-y-mauro-icardi-mostraron-su-actividad-favorita-juntos-en-casa-YJWC4ZTMVZHVXJICLE76MS3NKU.jpg","jetpack_sharing_enabled":true,"amp_enabled":true,"_links":{"self":[{"href":"https:\/\/portalmovil.com.ar\/index.php\/wp-json\/wp\/v2\/posts\/103503","targetHints":{"allow":["GET"]}}],"collection":[{"href":"https:\/\/portalmovil.com.ar\/index.php\/wp-json\/wp\/v2\/posts"}],"about":[{"href":"https:\/\/portalmovil.com.ar\/index.php\/wp-json\/wp\/v2\/types\/post"}],"author":[{"embeddable":true,"href":"https:\/\/portalmovil.com.ar\/index.php\/wp-json\/wp\/v2\/users\/2"}],"replies":[{"embeddable":true,"href":"https:\/\/portalmovil.com.ar\/index.php\/wp-json\/wp\/v2\/comments?post=103503"}],"version-history":[{"count":1,"href":"https:\/\/portalmovil.com.ar\/index.php\/wp-json\/wp\/v2\/posts\/103503\/revisions"}],"predecessor-version":[{"id":103505,"href":"https:\/\/portalmovil.com.ar\/index.php\/wp-json\/wp\/v2\/posts\/103503\/revisions\/103505"}],"wp:featuredmedia":[{"embeddable":true,"href":"https:\/\/portalmovil.com.ar\/index.php\/wp-json\/wp\/v2\/media\/103504"}],"wp:attachment":[{"href":"https:\/\/portalmovil.com.ar\/index.php\/wp-json\/wp\/v2\/media?parent=103503"}],"wp:term":[{"taxonomy":"category","embeddable":true,"href":"https:\/\/portalmovil.com.ar\/index.php\/wp-json\/wp\/v2\/categories?post=103503"},{"taxonomy":"post_tag","embeddable":true,"href":"https:\/\/portalmovil.com.ar\/index.php\/wp-json\/wp\/v2\/tags?post=103503"}],"curies":[{"name":"wp","href":"https:\/\/api.w.org\/{rel}","templated":true}]}}