{"id":103185,"date":"2024-10-29T09:57:16","date_gmt":"2024-10-29T12:57:16","guid":{"rendered":"https:\/\/portalmovil.com.ar\/?p=103185"},"modified":"2024-10-29T09:57:20","modified_gmt":"2024-10-29T12:57:20","slug":"el-gobierno-ratifico-que-quiere-eliminar-las-paso-pero-no-tiene-los-votos","status":"publish","type":"post","link":"https:\/\/portalmovil.com.ar\/index.php\/2024\/10\/29\/el-gobierno-ratifico-que-quiere-eliminar-las-paso-pero-no-tiene-los-votos\/","title":{"rendered":"El Gobierno ratific\u00f3 que quiere eliminar las PASO, pero no tiene los votos"},"content":{"rendered":"\n<p><strong>El jefe de Gabinete, Guillermo Francos, ratific\u00f3 la intenci\u00f3n del Gobierno nacional de avanzar en la eliminaci\u00f3n de las Primarias Abiertas Simult\u00e1neas y Obligatorias (PASO), aunque reconoci\u00f3 que por el momento no est\u00e1 plasmada en un proyecto de ley concreto, ya que no centan con el apoyo necesario en el Congreso.<\/strong><\/p>\n\n\n\n<p>Francos explic\u00f3 que, aunque el Ejecutivo desea suprimir las PASO, la mayor\u00eda de los legisladores no comparte esa postura, lo cual dificulta la posibilidad de una reforma. \u00ab<strong>Hoy no contamos con el apoyo necesario en el Congreso para llevar a cabo la eliminaci\u00f3n de las PASO\u00bb, afirm\u00f3 en declaraciones a radio Rivadavia.<\/strong><\/p>\n\n\n\n<p>El Ejecutivo no envi\u00f3 al Congreso ninguna iniciativa que apunte a la eliminaci\u00f3n de las PASO del proceso electoral. En caso de presentarse un proyecto, ser\u00eda debatido en la C\u00e1mara de Diputados y girado a las comisiones de Asuntos Constitucionales y de Presupuesto y Hacienda, presididas respectivamente por Nicol\u00e1s Mayoraz y Jos\u00e9 Luis Espert, ambos de La Libertad Avanza.<\/p>\n\n\n\n<p>En la Comisi\u00f3n de Asuntos Constitucionales,&nbsp;<strong>actualmente hay cinco proyectos en tr\u00e1mite que abordan modificaciones a las PASO, pero s\u00f3lo dos proponene la eliminaci\u00f3n de las primarias.<\/strong><\/p>\n\n\n\n<p>Adem\u00e1s, ninguno de los proyectos en tr\u00e1mite ha tenido siquiera un primer debate en la Comisi\u00f3n de Asuntos Constitucionales, donde La Libertad Avanza cuenta con solo seis votos sobre un total de 35 miembros.<\/p>\n\n\n\n<p>Si antes del 30 de noviembre, cuando finaliza el a\u00f1o parlamentario, estos proyectos no obtienen sanci\u00f3n, no podr\u00e1n ser tratados en 2025, a\u00f1o electoral en el que no se debaten reformas al sistema electoral.<\/p>\n","protected":false},"excerpt":{"rendered":"<p>El jefe de Gabinete, Guillermo Francos, ratific\u00f3 la intenci\u00f3n del Gobierno nacional de avanzar en la eliminaci\u00f3n de las Primarias Abiertas Simult\u00e1neas y Obligatorias (PASO), aunque reconoci\u00f3 que por el momento no est\u00e1 plasmada en un proyecto de ley concreto, ya que no centan con el apoyo necesario en el Congreso. Francos explic\u00f3 que, aunque &hellip;<\/p>\n","protected":false},"author":2,"featured_media":76068,"comment_status":"open","ping_status":"open","sticky":false,"template":"","format":"standard","meta":{"_jetpack_memberships_contains_paid_content":false,"footnotes":"","jetpack_publicize_message":"","jetpack_publicize_feature_enabled":true,"jetpack_social_post_already_shared":true,"jetpack_social_options":{"image_generator_settings":{"template":"highway","default_image_id":0,"font":"","enabled":false},"version":2}},"categories":[639,14],"tags":[],"class_list":["post-103185","post","type-post","status-publish","format-standard","has-post-thumbnail","hentry","category-argentina","category-politica"],"jetpack_publicize_connections":[],"jetpack_featured_media_url":"https:\/\/portalmovil.com.ar\/wp-content\/uploads\/2023\/05\/elecciones-2021-paso-2021jpg.png","jetpack_sharing_enabled":true,"amp_enabled":true,"_links":{"self":[{"href":"https:\/\/portalmovil.com.ar\/index.php\/wp-json\/wp\/v2\/posts\/103185","targetHints":{"allow":["GET"]}}],"collection":[{"href":"https:\/\/portalmovil.com.ar\/index.php\/wp-json\/wp\/v2\/posts"}],"about":[{"href":"https:\/\/portalmovil.com.ar\/index.php\/wp-json\/wp\/v2\/types\/post"}],"author":[{"embeddable":true,"href":"https:\/\/portalmovil.com.ar\/index.php\/wp-json\/wp\/v2\/users\/2"}],"replies":[{"embeddable":true,"href":"https:\/\/portalmovil.com.ar\/index.php\/wp-json\/wp\/v2\/comments?post=103185"}],"version-history":[{"count":1,"href":"https:\/\/portalmovil.com.ar\/index.php\/wp-json\/wp\/v2\/posts\/103185\/revisions"}],"predecessor-version":[{"id":103186,"href":"https:\/\/portalmovil.com.ar\/index.php\/wp-json\/wp\/v2\/posts\/103185\/revisions\/103186"}],"wp:featuredmedia":[{"embeddable":true,"href":"https:\/\/portalmovil.com.ar\/index.php\/wp-json\/wp\/v2\/media\/76068"}],"wp:attachment":[{"href":"https:\/\/portalmovil.com.ar\/index.php\/wp-json\/wp\/v2\/media?parent=103185"}],"wp:term":[{"taxonomy":"category","embeddable":true,"href":"https:\/\/portalmovil.com.ar\/index.php\/wp-json\/wp\/v2\/categories?post=103185"},{"taxonomy":"post_tag","embeddable":true,"href":"https:\/\/portalmovil.com.ar\/index.php\/wp-json\/wp\/v2\/tags?post=103185"}],"curies":[{"name":"wp","href":"https:\/\/api.w.org\/{rel}","templated":true}]}}