{"id":103019,"date":"2024-10-24T09:45:24","date_gmt":"2024-10-24T12:45:24","guid":{"rendered":"https:\/\/portalmovil.com.ar\/?p=103019"},"modified":"2024-10-24T09:45:27","modified_gmt":"2024-10-24T12:45:27","slug":"caso-loan-liberaron-a-siete-de-los-diez-acusados-de-entorpecer-la-investigacion","status":"publish","type":"post","link":"https:\/\/portalmovil.com.ar\/index.php\/2024\/10\/24\/caso-loan-liberaron-a-siete-de-los-diez-acusados-de-entorpecer-la-investigacion\/","title":{"rendered":"Caso Loan: liberaron a siete de los diez acusados de entorpecer la investigaci\u00f3n"},"content":{"rendered":"\n<h3 class=\"wp-block-heading\"><strong>La C\u00e1mara Federal de Goya, en la provincia de Corrientes, orden\u00f3 este mi\u00e9rcoles la excarcelaci\u00f3n de gran parte de los acusados de entorpecer la investigaci\u00f3n del caso de la b\u00fasqueda de Loan Danilo Pe\u00f1a.<\/strong>&nbsp;<\/h3>\n\n\n\n<p><strong>El tribunal de alzada hizo lugar a los planteos de la defensa de siete de los diez sospechosos que est\u00e1n detenidos desde septiembre<\/strong>, en la causa que se abri\u00f3 en paralelo a la desaparici\u00f3n del nene de 5 a\u00f1os, por presuntamente haber manipulado los relatos de los menores que estuvieron en el naranjal el d\u00eda que vieron a Loan por \u00faltima vez.<\/p>\n\n\n\n<p>A pesar de haber sido liberados,&nbsp;<strong>siguen imputados por los delitos de \u00abviolaci\u00f3n de medios de prueba, violaci\u00f3n de secreto profesional, encubrimiento agravado, privaci\u00f3n ileg\u00edtima de la libertad en perjuicio de los menores y falso testimonio\u00bb. Por lo tanto, les prohibieron salir del pa\u00eds y no podr\u00e1n acercarse a los testigos.<\/strong><\/p>\n\n\n\n<p>Para la C\u00e1mara Federal, no existe riesgo de fuga, dado que los acusados \u00abposeen arraigo domiciliario, familiar y laboral\u00bb, y adem\u00e1s \u00abcarecen de antecedentes penales\u00bb.<\/p>\n\n\n\n<p>Pero lo m\u00e1s ins\u00f3lito es que la Justicia \u00abno advierte que pudieran entorpecer la investigaci\u00f3n\u00bb, a pesar de que fueron detenidos por ese mismo motivo.<\/p>\n","protected":false},"excerpt":{"rendered":"<p>La C\u00e1mara Federal de Goya, en la provincia de Corrientes, orden\u00f3 este mi\u00e9rcoles la excarcelaci\u00f3n de gran parte de los acusados de entorpecer la investigaci\u00f3n del caso de la b\u00fasqueda de Loan Danilo Pe\u00f1a.&nbsp; El tribunal de alzada hizo lugar a los planteos de la defensa de siete de los diez sospechosos que est\u00e1n detenidos &hellip;<\/p>\n","protected":false},"author":2,"featured_media":99553,"comment_status":"open","ping_status":"open","sticky":false,"template":"","format":"standard","meta":{"_jetpack_memberships_contains_paid_content":false,"footnotes":"","jetpack_publicize_message":"","jetpack_publicize_feature_enabled":true,"jetpack_social_post_already_shared":true,"jetpack_social_options":{"image_generator_settings":{"template":"highway","default_image_id":0,"font":"","enabled":false},"version":2}},"categories":[639,50],"tags":[],"class_list":["post-103019","post","type-post","status-publish","format-standard","has-post-thumbnail","hentry","category-argentina","category-judiciales"],"jetpack_publicize_connections":[],"jetpack_featured_media_url":"https:\/\/portalmovil.com.ar\/wp-content\/uploads\/2024\/08\/loan-1-850x560-1.webp","jetpack_sharing_enabled":true,"amp_enabled":true,"_links":{"self":[{"href":"https:\/\/portalmovil.com.ar\/index.php\/wp-json\/wp\/v2\/posts\/103019","targetHints":{"allow":["GET"]}}],"collection":[{"href":"https:\/\/portalmovil.com.ar\/index.php\/wp-json\/wp\/v2\/posts"}],"about":[{"href":"https:\/\/portalmovil.com.ar\/index.php\/wp-json\/wp\/v2\/types\/post"}],"author":[{"embeddable":true,"href":"https:\/\/portalmovil.com.ar\/index.php\/wp-json\/wp\/v2\/users\/2"}],"replies":[{"embeddable":true,"href":"https:\/\/portalmovil.com.ar\/index.php\/wp-json\/wp\/v2\/comments?post=103019"}],"version-history":[{"count":1,"href":"https:\/\/portalmovil.com.ar\/index.php\/wp-json\/wp\/v2\/posts\/103019\/revisions"}],"predecessor-version":[{"id":103020,"href":"https:\/\/portalmovil.com.ar\/index.php\/wp-json\/wp\/v2\/posts\/103019\/revisions\/103020"}],"wp:featuredmedia":[{"embeddable":true,"href":"https:\/\/portalmovil.com.ar\/index.php\/wp-json\/wp\/v2\/media\/99553"}],"wp:attachment":[{"href":"https:\/\/portalmovil.com.ar\/index.php\/wp-json\/wp\/v2\/media?parent=103019"}],"wp:term":[{"taxonomy":"category","embeddable":true,"href":"https:\/\/portalmovil.com.ar\/index.php\/wp-json\/wp\/v2\/categories?post=103019"},{"taxonomy":"post_tag","embeddable":true,"href":"https:\/\/portalmovil.com.ar\/index.php\/wp-json\/wp\/v2\/tags?post=103019"}],"curies":[{"name":"wp","href":"https:\/\/api.w.org\/{rel}","templated":true}]}}