{"id":10274,"date":"2020-08-01T10:29:11","date_gmt":"2020-08-01T13:29:11","guid":{"rendered":"https:\/\/portalmovil.com.ar\/?p=10274"},"modified":"2020-08-01T10:29:15","modified_gmt":"2020-08-01T13:29:15","slug":"chaco-salud-confirmo-2-nuevas-muertes-por-coronavirus-y-58-nuevos-contagios","status":"publish","type":"post","link":"https:\/\/portalmovil.com.ar\/index.php\/2020\/08\/01\/chaco-salud-confirmo-2-nuevas-muertes-por-coronavirus-y-58-nuevos-contagios\/","title":{"rendered":"Chaco: Salud confirm\u00f3 2 nuevas muertes por coronavirus y 58 nuevos contagios"},"content":{"rendered":"\n<p>El Ministerio de Salud P\u00fablica del Chaco inform\u00f3 que hasta el s\u00e1bado 1 de agosto de 2020 se reportaron 3.579 casos positivos de COVID-19, de los cuales 2.785 personas ya recibieron el alta cl\u00ednica y se produjeron 146 fallecimientos por complicaciones causadas por el virus SARS-COV2.<\/p>\n\n\n\n<p>Los \u00faltimos decesos producidos por coronavirus tratan de una mujer de 77 a\u00f1os y de un hombre de 72 a\u00f1os, de Resistencia.<\/p>\n\n\n\n<p>Adem\u00e1s en lo que va del 2020 la cantidad de personas con diagn\u00f3stico de dengue se mantiene en 3.318 en el territorio provincial.<\/p>\n\n\n\n<div class=\"wp-block-image\"><figure class=\"aligncenter size-large\"><img loading=\"lazy\" decoding=\"async\" width=\"768\" height=\"960\" src=\"https:\/\/portalmovil.com.ar\/wp-content\/uploads\/2020\/08\/116487748_3308247942574213_5688349707196577952_o.jpg\" alt=\"\" class=\"wp-image-10275\" srcset=\"https:\/\/portalmovil.com.ar\/wp-content\/uploads\/2020\/08\/116487748_3308247942574213_5688349707196577952_o.jpg 768w, https:\/\/portalmovil.com.ar\/wp-content\/uploads\/2020\/08\/116487748_3308247942574213_5688349707196577952_o-240x300.jpg 240w\" sizes=\"auto, (max-width: 768px) 100vw, 768px\" \/><\/figure><\/div>\n\n\n\n<h3 class=\"wp-block-heading\">Situaci\u00f3n epidemiol\u00f3gica de coronavirus:<\/h3>\n\n\n\n<p>\u00b7&nbsp; &nbsp; &nbsp; &nbsp; &nbsp;Casos totales de COVID-19: 3.579<\/p>\n\n\n\n<p>\u00b7\u00a0 \u00a0 \u00a0 \u00a0 \u00a0<strong>Confirmados hoy: 58<\/strong><\/p>\n\n\n\n<p>\u00b7&nbsp; &nbsp; &nbsp; &nbsp; &nbsp;Personas recuperadas: 2.785<\/p>\n\n\n\n<p>\u00b7\u00a0 \u00a0 \u00a0 \u00a0 \u00a0<strong>Fallecimientos: 146<\/strong><\/p>\n\n\n\n<p>\u00b7\u00a0 \u00a0 \u00a0 \u00a0 \u00a0<strong>Casos activos: 648<\/strong><\/p>\n\n\n\n<p>\u00b7\u00a0 \u00a0 \u00a0 \u00a0 \u00a0<strong>Pacientes internados: 44<\/strong><\/p>\n\n\n\n<p>\u00b7&nbsp; &nbsp; &nbsp; &nbsp; &nbsp;Pacientes internados en estado grave: 17<\/p>\n\n\n\n<p>\u00b7\u00a0 \u00a0 \u00a0 \u00a0 <strong>\u00a0Total de muestras analizadas: 23.849<\/strong><\/p>\n\n\n\n<p>\u00b7&nbsp; &nbsp; &nbsp; &nbsp; &nbsp;Muestras descartadas: 18.971<\/p>\n\n\n\n<p>\u00b7\u00a0 \u00a0 \u00a0 \u00a0 \u00a0En estudio: 1.299<\/p>\n\n\n\n<h3 class=\"wp-block-heading\">Casos por localidad: Casos Nuevos &#8211; (Total de casos):<\/h3>\n\n\n\n<p>Avia Terai 0 (18)<\/p>\n\n\n\n<p>Barranqueras 4 (218)<\/p>\n\n\n\n<p>Basail 0 (2)<\/p>\n\n\n\n<p>Campo Largo 0 (3)&nbsp;<\/p>\n\n\n\n<p>Capit\u00e1n Solari 0 (1)<\/p>\n\n\n\n<p>Charata 0 (4)<\/p>\n\n\n\n<p>Colonia Aborigen 0 (17)<\/p>\n\n\n\n<p>Colonia Ben\u00edtez 0 (4)<\/p>\n\n\n\n<p>Colonia Elisa 0 (3)<\/p>\n\n\n\n<p>El Sauzalito 0 (58)<\/p>\n\n\n\n<p>Fontana 7 (449)<\/p>\n\n\n\n<p>Gancedo 0 (8)<\/p>\n\n\n\n<p>General San Mart\u00edn 0 (24)<\/p>\n\n\n\n<p>General Pinedo 0 (2)<\/p>\n\n\n\n<p>General Vedia 0 (1)<\/p>\n\n\n\n<p>Hermoso Campo 0 (11)<\/p>\n\n\n\n<p>Isla del Cerrito 0 (5)<\/p>\n\n\n\n<p>Juan Jos\u00e9 Castelli 6 (22)<\/p>\n\n\n\n<p>La Eduvigis 0 (1)<\/p>\n\n\n\n<p>La Escondida 0 (1)<\/p>\n\n\n\n<p>La Leonesa 0 (30)<\/p>\n\n\n\n<p>La Verde 0 (15)<\/p>\n\n\n\n<p>Lapachito 0 (17)<\/p>\n\n\n\n<p>Las Garcitas 0 (2)<\/p>\n\n\n\n<p>Las Palmas 0 (1)<\/p>\n\n\n\n<p>Los Frentones 0 (1)<\/p>\n\n\n\n<p>Machagai 0 (9)<\/p>\n\n\n\n<p>Makall\u00e9 0 (6)<\/p>\n\n\n\n<p>Margarita Bel\u00e9n 0 (18)<\/p>\n\n\n\n<p>Miraflores 0 (2)<\/p>\n\n\n\n<p>Nueva Pompeya 0 (4)<\/p>\n\n\n\n<p>Pampa del Indio 0 (3)<\/p>\n\n\n\n<p>Pampa del Infierno 0 (2)<\/p>\n\n\n\n<p>Presidencia de la Plaza 0 (20)<\/p>\n\n\n\n<p>Presidencia Roca 0 (1)<\/p>\n\n\n\n<p>S\u00e1enz Pe\u00f1a 3 (139)<\/p>\n\n\n\n<p>Puerto Bermejo 0 (8)<\/p>\n\n\n\n<p>Puerto Eva Per\u00f3n 0 (2)<\/p>\n\n\n\n<p>Puerto Tirol 2 (52)<\/p>\n\n\n\n<p>Puerto Vilelas 0 (129)<\/p>\n\n\n\n<p>Quitilipi 0 (9)<\/p>\n\n\n\n<p>Resistencia 20 (2.179)<\/p>\n\n\n\n<p>Taco Pozo 0 (10)<\/p>\n\n\n\n<p>Tres Isletas 16 (52)<\/p>\n\n\n\n<p>Villa \u00c1ngela 0 (1)<\/p>\n\n\n\n<p>Villa Berthet 0 (2)<\/p>\n\n\n\n<p>Wichi El Pintado 0 (1)<\/p>\n\n\n\n<p>Otras localidades del pa\u00eds 0 (12)<\/p>\n","protected":false},"excerpt":{"rendered":"<p>El Ministerio de Salud P\u00fablica del Chaco inform\u00f3 que hasta el s\u00e1bado 1 de agosto de 2020 se reportaron 3.579 casos positivos de COVID-19, de los cuales 2.785 personas ya recibieron el alta cl\u00ednica y se produjeron 146 fallecimientos por complicaciones causadas por el virus SARS-COV2. Los \u00faltimos decesos producidos por coronavirus tratan de una &hellip;<\/p>\n","protected":false},"author":2,"featured_media":3867,"comment_status":"open","ping_status":"open","sticky":false,"template":"","format":"standard","meta":{"_jetpack_memberships_contains_paid_content":false,"footnotes":"","jetpack_publicize_message":"","jetpack_publicize_feature_enabled":true,"jetpack_social_post_already_shared":true,"jetpack_social_options":{"image_generator_settings":{"template":"highway","default_image_id":0,"font":"","enabled":false},"version":2}},"categories":[5,46],"tags":[],"class_list":["post-10274","post","type-post","status-publish","format-standard","has-post-thumbnail","hentry","category-chaco","category-salud"],"jetpack_publicize_connections":[],"jetpack_featured_media_url":"https:\/\/portalmovil.com.ar\/wp-content\/uploads\/2020\/03\/290888-10.jpg","jetpack_sharing_enabled":true,"amp_enabled":true,"_links":{"self":[{"href":"https:\/\/portalmovil.com.ar\/index.php\/wp-json\/wp\/v2\/posts\/10274","targetHints":{"allow":["GET"]}}],"collection":[{"href":"https:\/\/portalmovil.com.ar\/index.php\/wp-json\/wp\/v2\/posts"}],"about":[{"href":"https:\/\/portalmovil.com.ar\/index.php\/wp-json\/wp\/v2\/types\/post"}],"author":[{"embeddable":true,"href":"https:\/\/portalmovil.com.ar\/index.php\/wp-json\/wp\/v2\/users\/2"}],"replies":[{"embeddable":true,"href":"https:\/\/portalmovil.com.ar\/index.php\/wp-json\/wp\/v2\/comments?post=10274"}],"version-history":[{"count":1,"href":"https:\/\/portalmovil.com.ar\/index.php\/wp-json\/wp\/v2\/posts\/10274\/revisions"}],"predecessor-version":[{"id":10277,"href":"https:\/\/portalmovil.com.ar\/index.php\/wp-json\/wp\/v2\/posts\/10274\/revisions\/10277"}],"wp:featuredmedia":[{"embeddable":true,"href":"https:\/\/portalmovil.com.ar\/index.php\/wp-json\/wp\/v2\/media\/3867"}],"wp:attachment":[{"href":"https:\/\/portalmovil.com.ar\/index.php\/wp-json\/wp\/v2\/media?parent=10274"}],"wp:term":[{"taxonomy":"category","embeddable":true,"href":"https:\/\/portalmovil.com.ar\/index.php\/wp-json\/wp\/v2\/categories?post=10274"},{"taxonomy":"post_tag","embeddable":true,"href":"https:\/\/portalmovil.com.ar\/index.php\/wp-json\/wp\/v2\/tags?post=10274"}],"curies":[{"name":"wp","href":"https:\/\/api.w.org\/{rel}","templated":true}]}}