{"id":102590,"date":"2024-10-09T16:33:46","date_gmt":"2024-10-09T19:33:46","guid":{"rendered":"https:\/\/portalmovil.com.ar\/?p=102590"},"modified":"2024-10-09T16:33:50","modified_gmt":"2024-10-09T19:33:50","slug":"juraron-los-nuevos-consejeros-del-consejo-de-la-magistratura-del-chaco","status":"publish","type":"post","link":"https:\/\/portalmovil.com.ar\/index.php\/2024\/10\/09\/juraron-los-nuevos-consejeros-del-consejo-de-la-magistratura-del-chaco\/","title":{"rendered":"Juraron los nuevos consejeros del Consejo de la Magistratura del Chaco"},"content":{"rendered":"\n<p>Ricardo Jos\u00e9 Urturi y Mar\u00eda Cecilia de los Milagros Morante juraron este martes como nuevos miembros del Consejo de la Magistratura y Jurado de Enjuiciamiento, como integrantes titular y suplente respectivamente, en representaci\u00f3n de los Abogados de la Primera Circunscripci\u00f3n provincial.<\/p>\n\n\n\n<p>El acto fue encabezado por el presidente del organismo, V\u00edctor del R\u00edo, y estuvieron tambi\u00e9n los consejeros Maria Cecilia Arroyo, Jorge Fernando G\u00f3mez, Sergio Andr\u00e9s Bosch, Elba Gricelda Ojeda, Dorys Lili\u00e1n Arkwright, Carolina Beatriz Meiri\u00f1o.<\/p>\n\n\n\n<p>Adem\u00e1s, tambi\u00e9n estuvieron presentes la ministra del Superior Tribunal de Justicia y presidenta de JUFEJUS, Emilia Mar\u00eda Valle; el fiscal de Estado, Roberto Alejandro Herlein; la presidenta del consejo de abogados de Resistencia, Elisa Fern\u00e1ndez Aselle; la presidenta de la asociaci\u00f3n de magistrados y funcionarios Fabiana Bardiani; la presidenta del colegio de abogados de Charata, Ivana Balverdi.<\/p>\n\n\n\n<p>Por otro lado, el ministro de Gobierno, Jorge G\u00f3mez, fue elegido como vicepresidente del Consejo de la<br>Magistratura y Jurado de Enjuiciamiento. En tanto, Urturi y Griselda Ojeda fueron designdos representantes del Chaco ante el FOFECMA.<\/p>\n","protected":false},"excerpt":{"rendered":"<p>Ricardo Jos\u00e9 Urturi y Mar\u00eda Cecilia de los Milagros Morante juraron este martes como nuevos miembros del Consejo de la Magistratura y Jurado de Enjuiciamiento, como integrantes titular y suplente respectivamente, en representaci\u00f3n de los Abogados de la Primera Circunscripci\u00f3n provincial. El acto fue encabezado por el presidente del organismo, V\u00edctor del R\u00edo, y estuvieron &hellip;<\/p>\n","protected":false},"author":2,"featured_media":102591,"comment_status":"open","ping_status":"open","sticky":false,"template":"","format":"standard","meta":{"_jetpack_memberships_contains_paid_content":false,"footnotes":"","jetpack_publicize_message":"","jetpack_publicize_feature_enabled":true,"jetpack_social_post_already_shared":true,"jetpack_social_options":{"image_generator_settings":{"template":"highway","default_image_id":0,"font":"","enabled":false},"version":2}},"categories":[5,50],"tags":[],"class_list":["post-102590","post","type-post","status-publish","format-standard","has-post-thumbnail","hentry","category-chaco","category-judiciales"],"jetpack_publicize_connections":[],"jetpack_featured_media_url":"https:\/\/portalmovil.com.ar\/wp-content\/uploads\/2024\/10\/169497w480h271c.jpg.webp","jetpack_sharing_enabled":true,"amp_enabled":true,"_links":{"self":[{"href":"https:\/\/portalmovil.com.ar\/index.php\/wp-json\/wp\/v2\/posts\/102590","targetHints":{"allow":["GET"]}}],"collection":[{"href":"https:\/\/portalmovil.com.ar\/index.php\/wp-json\/wp\/v2\/posts"}],"about":[{"href":"https:\/\/portalmovil.com.ar\/index.php\/wp-json\/wp\/v2\/types\/post"}],"author":[{"embeddable":true,"href":"https:\/\/portalmovil.com.ar\/index.php\/wp-json\/wp\/v2\/users\/2"}],"replies":[{"embeddable":true,"href":"https:\/\/portalmovil.com.ar\/index.php\/wp-json\/wp\/v2\/comments?post=102590"}],"version-history":[{"count":1,"href":"https:\/\/portalmovil.com.ar\/index.php\/wp-json\/wp\/v2\/posts\/102590\/revisions"}],"predecessor-version":[{"id":102592,"href":"https:\/\/portalmovil.com.ar\/index.php\/wp-json\/wp\/v2\/posts\/102590\/revisions\/102592"}],"wp:featuredmedia":[{"embeddable":true,"href":"https:\/\/portalmovil.com.ar\/index.php\/wp-json\/wp\/v2\/media\/102591"}],"wp:attachment":[{"href":"https:\/\/portalmovil.com.ar\/index.php\/wp-json\/wp\/v2\/media?parent=102590"}],"wp:term":[{"taxonomy":"category","embeddable":true,"href":"https:\/\/portalmovil.com.ar\/index.php\/wp-json\/wp\/v2\/categories?post=102590"},{"taxonomy":"post_tag","embeddable":true,"href":"https:\/\/portalmovil.com.ar\/index.php\/wp-json\/wp\/v2\/tags?post=102590"}],"curies":[{"name":"wp","href":"https:\/\/api.w.org\/{rel}","templated":true}]}}